{"id":2707,"date":"2026-08-30T16:52:57","date_gmt":"2026-08-30T14:52:57","guid":{"rendered":"https:\/\/prawywroclaw.pl\/?p=2707"},"modified":"2026-08-30T16:52:57","modified_gmt":"2026-08-30T14:52:57","slug":"46-lat-temu-narodzila-sie-dolnoslaska-solidarnosc-w-zajezdni-uczczono-uczestnikow-strajkow-z-1980-roku","status":"publish","type":"post","link":"https:\/\/prawywroclaw.pl\/index.php\/2026\/08\/30\/46-lat-temu-narodzila-sie-dolnoslaska-solidarnosc-w-zajezdni-uczczono-uczestnikow-strajkow-z-1980-roku\/","title":{"rendered":"46 lat temu narodzi\u0142a si\u0119 dolno\u015bl\u0105ska \u201eSolidarno\u015b\u0107\u201d. W Zajezdni uczczono uczestnik\u00f3w strajk\u00f3w z 1980 roku"},"content":{"rendered":"<p data-start=\"481\" data-end=\"706\"><strong>Mija 46 lat od wydarze\u0144, kt\u00f3re doprowadzi\u0142y do powstania dolno\u015bl\u0105skiej \u201eSolidarno\u015bci\u201d. W niedziel\u0119 przy Centrum Historii Zajezdnia we Wroc\u0142awiu odby\u0142y si\u0119 uroczysto\u015bci po\u015bwi\u0119cone uczestnikom strajk\u00f3w z sierpnia 1980 roku.<\/strong><\/p>\n<p data-start=\"708\" data-end=\"1033\">Miejsce obchod\u00f3w nie by\u0142o przypadkowe. Dawna zajezdnia autobusowa nr VII przy ul. Grabiszy\u0144skiej sta\u0142a si\u0119 w\u00f3wczas jednym z najwa\u017cniejszych punkt\u00f3w protestu we Wroc\u0142awiu. Strajk rozpocz\u0119li pracownicy MPK, zatrzymuj\u0105c komunikacj\u0119 miejsk\u0105. Wkr\u00f3tce do protestuj\u0105cych zacz\u0119\u0142y przy\u0142\u0105cza\u0107 si\u0119 kolejne zak\u0142ady i \u015brodowiska zawodowe.<\/p>\n<p data-start=\"1035\" data-end=\"1177\">Z wydarze\u0144 tych wy\u0142oni\u0142a si\u0119 p\u00f3\u017aniej pot\u0119\u017cna regionalna struktura \u201eSolidarno\u015bci\u201d, kt\u00f3ra w tamtym okresie skupia\u0142a ponad 900 tys. cz\u0142onk\u00f3w.<\/p>\n<p data-start=\"1229\" data-end=\"1440\">Dzi\u015b o historii tamtych wydarze\u0144 przypomina Centrum Historii Zajezdnia. Jego dyrektor Andrzej Jerie podkre\u015bla, \u017ce sierpie\u0144 1980 roku mia\u0142 znaczenie wykraczaj\u0105ce poza sam protest przeciwko w\u0142adzom komunistycznym.<\/p>\n<blockquote>\n<p data-start=\"1442\" data-end=\"1604\"><em data-start=\"1444\" data-end=\"1595\">Dzisiaj Centrum Historii Zajezdnia jest tak\u017ce miejscem pami\u0119ci o tym wydarzeniu, kt\u00f3re dla powojennej to\u017csamo\u015bci Wroc\u0142awia ma znaczenie fundamentalne<\/em><\/p>\n<\/blockquote>\n<p data-start=\"1442\" data-end=\"1604\">\u2013 m\u00f3wi\u0142.<\/p>\n<p data-start=\"1606\" data-end=\"1786\">Jak zauwa\u017cy\u0142, strajk mia\u0142 tak\u017ce ogromne znaczenie dla integracji mieszka\u0144c\u00f3w miasta, kt\u00f3rego powojenna spo\u0142eczno\u015b\u0107 zosta\u0142a zbudowana przez ludzi przyby\u0142ych z r\u00f3\u017cnych cz\u0119\u015bci Polski.<\/p>\n<blockquote>\n<p data-start=\"1788\" data-end=\"1945\"><em data-start=\"1790\" data-end=\"1917\">Wielu strajkuj\u0105cych m\u00f3wi: weszli\u015bmy na ten strajk jako zbieranina ludzi z r\u00f3\u017cnych stron Polski, a wyszli\u015bmy jako wroc\u0142awianie<\/em><\/p>\n<\/blockquote>\n<p data-start=\"1788\" data-end=\"1945\">\u2013 podkre\u015bla\u0142 Andrzej Jerie.<\/p>\n<p data-start=\"1947\" data-end=\"2113\">W tym uj\u0119ciu protest w Zajezdni sta\u0142 si\u0119 nie tylko cz\u0119\u015bci\u0105 og\u00f3lnopolskiego Sierpnia \u201980, ale r\u00f3wnie\u017c jednym z wydarze\u0144 kszta\u0142tuj\u0105cych wsp\u00f3\u0142czesn\u0105 to\u017csamo\u015b\u0107 Wroc\u0142awia.<\/p>\n<p data-start=\"2149\" data-end=\"2448\">Wroc\u0142awskie strajki rozpocz\u0119\u0142y si\u0119 pod koniec sierpnia 1980 roku. Do protestu przyst\u0105pili pracownicy Miejskiego Przedsi\u0119biorstwa Komunikacyjnego, a zatrzymanie autobus\u00f3w i tramwaj\u00f3w sta\u0142o si\u0119 widocznym dla ca\u0142ego miasta sygna\u0142em, \u017ce r\u00f3wnie\u017c Wroc\u0142aw przy\u0142\u0105cza si\u0119 do fali protest\u00f3w obejmuj\u0105cych kraj.<\/p>\n<p data-start=\"2450\" data-end=\"2642\">Do pracownik\u00f3w komunikacji zacz\u0119\u0142y do\u0142\u0105cza\u0107 kolejne zak\u0142ady i bran\u017ce. Protest przesta\u0142 mie\u0107 charakter pojedynczego sporu pracowniczego, staj\u0105c si\u0119 cz\u0119\u015bci\u0105 znacznie szerszego ruchu spo\u0142ecznego.<\/p>\n<p data-start=\"2644\" data-end=\"2814\">Jednym z uczestnik\u00f3w tamtych wydarze\u0144 by\u0142 Krzysztof Turkowski, kt\u00f3ry podczas rocznicowego spotkania wspomina\u0142 przede wszystkim atmosfer\u0119 panuj\u0105c\u0105 w\u015br\u00f3d strajkuj\u0105cych.<\/p>\n<blockquote>\n<p data-start=\"2816\" data-end=\"3000\"><em data-start=\"2818\" data-end=\"2987\">Atmosfera by\u0142a rewelacyjna, dlatego \u017ce tu nast\u0105pi\u0142a integracja mi\u0119dzy lud\u017ami. M\u0142oda inteligencja, pracownicy naukowi, zawodowi kontrrewolucjoni\u015bci, jak to nas nazywano<\/em><\/p>\n<\/blockquote>\n<p data-start=\"2816\" data-end=\"3000\">\u2013 wspomina\u0142.<\/p>\n<p data-start=\"3002\" data-end=\"3141\">Jak podkre\u015bla\u0142, kolejne dni protestu prowadzi\u0142y do zacie\u015bniania wi\u0119zi pomi\u0119dzy lud\u017ami reprezentuj\u0105cymi wcze\u015bniej zupe\u0142nie r\u00f3\u017cne \u015brodowiska. Skala, jak\u0105 w kolejnych miesi\u0105cach osi\u0105gn\u0105\u0142 ruch na Dolnym \u015al\u0105sku, pokazuje znaczenie sierpniowych wydarze\u0144. Regionalna \u201eSolidarno\u015b\u0107\u201d liczy\u0142a ponad 900 tys. os\u00f3b, staj\u0105c si\u0119 masow\u0105 organizacj\u0105 spo\u0142eczn\u0105.<\/p>\n<p data-start=\"3384\" data-end=\"3635\">Do zwi\u0105zku przyst\u0119powali przedstawiciele zak\u0142ad\u00f3w przemys\u0142owych, komunikacji, \u015brodowisk akademickich i wielu innych grup zawodowych. Ruch po\u0142\u0105czy\u0142 ludzi, kt\u00f3rych wcze\u015bniej cz\u0119sto niewiele \u0142\u0105czy\u0142o poza sprzeciwem wobec reali\u00f3w PRL i oczekiwaniem zmian.<\/p>\n<p data-start=\"3637\" data-end=\"3762\">Narodziny dolno\u015bl\u0105skiej \u201eSolidarno\u015bci\u201d sta\u0142y si\u0119 tym samym jednym z najwa\u017cniejszych wydarze\u0144 w powojennej historii Wroc\u0142awia. Niedzielne uroczysto\u015bci w Centrum Historii Zajezdnia by\u0142y okazj\u0105 do przypomnienia ludzi, kt\u00f3rzy w sierpniu 1980 roku zdecydowali si\u0119 przyst\u0105pi\u0107 do protestu, a tak\u017ce znaczenia, jakie wydarzenia te mia\u0142y dla p\u00f3\u017aniejszej historii miasta i regionu.<\/p>\n<p data-start=\"4063\" data-end=\"4258\">Po 46 latach dawna zajezdnia przy Grabiszy\u0144skiej pozostaje jednym z najwa\u017cniejszych wroc\u0142awskich miejsc pami\u0119ci zwi\u0105zanych z oporem wobec systemu komunistycznego i narodzinami \u201eSolidarno\u015bci\u201d.<\/p>\n<p data-start=\"4260\" data-end=\"4490\">To w\u0142a\u015bnie tam rozpocz\u0119\u0142a si\u0119 historia ruchu, kt\u00f3ry w kr\u00f3tkim czasie ur\u00f3s\u0142 na Dolnym \u015al\u0105sku do setek tysi\u0119cy cz\u0142onk\u00f3w \u2013 a dla wielu uczestnik\u00f3w strajku sta\u0142 si\u0119 r\u00f3wnie\u017c momentem narodzin poczucia wsp\u00f3lnej, wroc\u0142awskiej to\u017csamo\u015bci.<\/p>\n","protected":false},"excerpt":{"rendered":"<p>Mija 46 lat od wydarze\u0144, kt\u00f3re doprowadzi\u0142y do powstania dolno\u015bl\u0105skiej \u201eSolidarno\u015bci\u201d. W niedziel\u0119 przy Centrum Historii Zajezdnia we Wroc\u0142awiu odby\u0142y si\u0119 uroczysto\u015bci po\u015bwi\u0119cone uczestnikom strajk\u00f3w z sierpnia 1980 roku. Miejsce obchod\u00f3w nie by\u0142o przypadkowe. Dawna zajezdnia autobusowa nr VII przy ul. Grabiszy\u0144skiej sta\u0142a si\u0119 w\u00f3wczas jednym z najwa\u017cniejszych punkt\u00f3w protestu we Wroc\u0142awiu. Strajk rozpocz\u0119li pracownicy [&hellip;]<\/p>\n","protected":false},"author":3,"featured_media":2708,"comment_status":"closed","ping_status":"closed","sticky":false,"template":"","format":"standard","meta":{"jnews-multi-image_gallery":[],"jnews_single_post":{"format":"standard","override":[{"template":"1","parallax":"1","fullscreen":"1","layout":"double-sidebar","sidebar":"single-left","second_sidebar":"default-sidebar","sticky_sidebar":"1","share_position":"floatbottom","share_float_style":"share-normal","show_share_counter":"1","show_view_counter":"1","show_featured":"1","show_post_meta":"1","show_post_author":"1","show_post_author_image":"1","show_post_date":"1","post_date_format":"default","post_date_format_custom":"Y\/m\/d","show_post_reading_time":"1","post_reading_time_wpm":"250","post_calculate_word_method":"str_word_count","show_zoom_button":"1","zoom_button_out_step":"2","zoom_button_in_step":"3","show_post_tag":"1","show_popup_post":"1","show_comment_section":"1","number_popup_post":"1","show_author_box":"0","show_post_related":"1","show_inline_post_related":"1"}],"image_override":[{"single_post_thumbnail_size":"no-crop","single_post_gallery_size":"crop-715"}],"trending_post_position":"meta","trending_post_label":"Trending","sponsored_post_label":"Sponsored by","disable_ad":"0","subtitle":"Od strajku pracownik\u00f3w wroc\u0142awskiego MPK rozpocz\u0105\u0142 si\u0119 ruch, kt\u00f3ry w kr\u00f3tkim czasie obj\u0105\u0142 zak\u0142ady pracy w ca\u0142ym regionie. W szczytowym okresie dolno\u015bl\u0105ska \u201eSolidarno\u015b\u0107\u201d skupia\u0142a ponad 900 tys. os\u00f3b. W 46. rocznic\u0119 wydarze\u0144 Sierpnia \u201980 ich uczestnicy spotkali si\u0119 w Centrum Historii Zajezdnia \u2013 miejscu szczeg\u00f3lnie zwi\u0105zanym z narodzinami wroc\u0142awskiej \u201eSolidarno\u015bci\u201d."},"jnews_primary_category":[],"jnews_social_meta":[],"jnews_override_counter":{"view_counter_number":"0","share_counter_number":"0","like_counter_number":"0","dislike_counter_number":"0"},"jnews_post_split":{"post_split":[{"template":"1","tag":"h2","numbering":"asc","mode":"normal","first":"0","enable_toc":"0","toc_type":"normal"}]},"footnotes":""},"categories":[1,36,35,34],"tags":[2161,138,2158,400,441,43,2160,1066,1219,349,2157,104,2159,85,1226],"coauthors":[77],"class_list":["post-2707","post","type-post","status-publish","format-standard","has-post-thumbnail","hentry","category-wiadomosci","category-polska-i-swiat","category-region","category-wroclaw","tag-andrzej-jerie","tag-centrum-historii-zajezdnia","tag-dolnoslaska-solidarnosc","tag-dolny-slask","tag-historia-wroclawia","tag-hot-news","tag-krzysztof-turkowski","tag-mpk-wroclaw","tag-nszz-solidarnosc","tag-prl","tag-sierpien-1980","tag-solidarnosc","tag-strajki-1980","tag-wroclaw","tag-zajezdnia"],"_links":{"self":[{"href":"https:\/\/prawywroclaw.pl\/index.php\/wp-json\/wp\/v2\/posts\/2707","targetHints":{"allow":["GET"]}}],"collection":[{"href":"https:\/\/prawywroclaw.pl\/index.php\/wp-json\/wp\/v2\/posts"}],"about":[{"href":"https:\/\/prawywroclaw.pl\/index.php\/wp-json\/wp\/v2\/types\/post"}],"author":[{"embeddable":true,"href":"https:\/\/prawywroclaw.pl\/index.php\/wp-json\/wp\/v2\/users\/3"}],"replies":[{"embeddable":true,"href":"https:\/\/prawywroclaw.pl\/index.php\/wp-json\/wp\/v2\/comments?post=2707"}],"version-history":[{"count":1,"href":"https:\/\/prawywroclaw.pl\/index.php\/wp-json\/wp\/v2\/posts\/2707\/revisions"}],"predecessor-version":[{"id":2709,"href":"https:\/\/prawywroclaw.pl\/index.php\/wp-json\/wp\/v2\/posts\/2707\/revisions\/2709"}],"wp:featuredmedia":[{"embeddable":true,"href":"https:\/\/prawywroclaw.pl\/index.php\/wp-json\/wp\/v2\/media\/2708"}],"wp:attachment":[{"href":"https:\/\/prawywroclaw.pl\/index.php\/wp-json\/wp\/v2\/media?parent=2707"}],"wp:term":[{"taxonomy":"category","embeddable":true,"href":"https:\/\/prawywroclaw.pl\/index.php\/wp-json\/wp\/v2\/categories?post=2707"},{"taxonomy":"post_tag","embeddable":true,"href":"https:\/\/prawywroclaw.pl\/index.php\/wp-json\/wp\/v2\/tags?post=2707"},{"taxonomy":"author","embeddable":true,"href":"https:\/\/prawywroclaw.pl\/index.php\/wp-json\/wp\/v2\/coauthors?post=2707"}],"curies":[{"name":"wp","href":"https:\/\/api.w.org\/{rel}","templated":true}]}}