{"id":2714,"date":"2026-08-31T07:54:01","date_gmt":"2026-08-31T05:54:01","guid":{"rendered":"https:\/\/prawywroclaw.pl\/?p=2714"},"modified":"2026-08-31T07:54:36","modified_gmt":"2026-08-31T05:54:36","slug":"tragedia-na-torach-pod-lubinem-pociag-kolei-dolnoslaskich-potracil-czlowieka","status":"publish","type":"post","link":"https:\/\/prawywroclaw.pl\/index.php\/2026\/08\/31\/tragedia-na-torach-pod-lubinem-pociag-kolei-dolnoslaskich-potracil-czlowieka\/","title":{"rendered":"Tragedia na torach pod Lubinem. Poci\u0105g Kolei Dolno\u015bl\u0105skich potr\u0105ci\u0142 cz\u0142owieka"},"content":{"rendered":"<div class=\"qMYqUG_convSearchResultHighlightRoot\">\n<div class=\"\" data-turn-id-container=\"request-69d75fc5-6f50-8389-bd2a-784d4f4a6f13-1\" data-is-intersecting=\"true\">\n<section class=\"text-token-text-primary w-full focus:outline-none has-data-writing-block:pointer-events-none [&amp;:has([data-writing-block])&gt;*]:pointer-events-auto R6Vx5W_threadScrollVars scroll-mb-[calc(var(--scroll-root-safe-area-inset-bottom,0px)+var(--thread-response-height))] scroll-mt-[calc(var(--header-height)+min(200px,max(70px,20svh)))]\" dir=\"auto\" data-turn-id=\"request-69d75fc5-6f50-8389-bd2a-784d4f4a6f13-1\" data-turn-id-container=\"request-69d75fc5-6f50-8389-bd2a-784d4f4a6f13-1\" data-testid=\"conversation-turn-14\" data-turn=\"assistant\">\n<div class=\"text-base my-auto mx-auto pb-8 [--thread-content-margin:var(--thread-content-margin-xs,calc(var(--spacing)*4))] @w-sm\/main:[--thread-content-margin:var(--thread-content-margin-sm,calc(var(--spacing)*6))] @w-lg\/main:[--thread-content-margin:var(--thread-content-margin-lg,calc(var(--spacing)*16))] px-(--thread-content-margin)\">\n<div class=\"[--thread-content-max-width:40rem] @w-lg\/main:[--thread-content-max-width:48rem] mx-auto max-w-(--thread-content-max-width) flex-1 group\/turn-messages focus-visible:outline-hidden relative flex w-full min-w-0 flex-col agent-turn\" data-conversation-screenshot-content=\"\">\n<div class=\"flex max-w-full flex-col gap-4 grow\">\n<div class=\"min-h-8 text-message relative flex w-full flex-col items-end gap-2 text-start break-words whitespace-normal outline-none keyboard-focused:focus-ring [.text-message+&amp;]:mt-1\" dir=\"auto\" tabindex=\"0\" data-message-author-role=\"assistant\" data-message-id=\"09284a19-5380-469a-8324-406024722842\" data-message-model-slug=\"gpt-5-6\" data-turn-start-message=\"true\">\n<div class=\"flex w-full flex-col gap-1 empty:hidden\">\n<div class=\"fbskMG_root markdown prose dark:prose-invert wrap-break-word w-full dark markdown-new-styling\">\n<p data-start=\"414\" data-end=\"637\"><strong>Do tragicznego zdarzenia dosz\u0142o w poniedzia\u0142ek, 31 sierpnia, przed godzin\u0105 7 rano na torach pomi\u0119dzy Rasz\u00f3wk\u0105 w powiecie lubi\u0144skim a Lubinem. Poci\u0105g Kolei Dolno\u015bl\u0105skich potr\u0105ci\u0142 znajduj\u0105c\u0105 si\u0119 na torach osob\u0119 postronn\u0105.<\/strong><\/p>\n<p data-start=\"639\" data-end=\"779\">Informacj\u0119 o zdarzeniu potwierdzi\u0142a podkom. Sylwia Serafin z Komendy Powiatowej Policji w Lubinie. Na miejscu prowadzone s\u0105 czynno\u015bci s\u0142u\u017cb. Na obecnym etapie nie podano szczeg\u00f3\u0142owych informacji dotycz\u0105cych osoby potr\u0105conej ani okoliczno\u015bci, w jakich znalaz\u0142a si\u0119 na torach. Przyczyny i dok\u0142adny przebieg zdarzenia b\u0119d\u0105 wyja\u015bniane.<\/p>\n<p data-start=\"1020\" data-end=\"1156\">Wypadek spowodowa\u0142 ca\u0142kowite wstrzymanie ruchu kolejowego na odcinku Rasz\u00f3wka\u2013Lubin, b\u0119d\u0105cym cz\u0119\u015bci\u0105 trasy \u0142\u0105cz\u0105cej Lubin z Legnic\u0105.<\/p>\n<blockquote>\n<p data-start=\"1158\" data-end=\"1309\"><em data-start=\"1160\" data-end=\"1272\">Przerwa w ruchu na odcinku: Rasz\u00f3wka \u2013 Lubin z powodu potr\u0105cenia osoby postronnej. Za utrudnienia przepraszamy<\/em><\/p>\n<\/blockquote>\n<p data-start=\"1158\" data-end=\"1309\">\u2013 poinformowa\u0142y Koleje Dolno\u015bl\u0105skie.<\/p>\n<p data-start=\"1311\" data-end=\"1493\">Wed\u0142ug nieoficjalnych informacji utrudnienia mog\u0105 potrwa\u0107 nawet oko\u0142o czterech godzin. Czas ten mo\u017ce si\u0119 jednak zmieni\u0107 w zale\u017cno\u015bci od przebiegu dzia\u0142a\u0144 prowadzonych na miejscu. Koleje Dolno\u015bl\u0105skie wprowadzi\u0142y zast\u0119pcz\u0105 komunikacj\u0119 autobusow\u0105 pomi\u0119dzy Lubinem a Legnic\u0105. Pasa\u017cerowie podr\u00f3\u017cuj\u0105cy tego ranka powinni liczy\u0107 si\u0119 z op\u00f3\u017anieniami i zmianami w organizacji przejazd\u00f3w.<\/p>\n<p data-start=\"1748\" data-end=\"1950\">Utrudnienia dotycz\u0105 r\u00f3wnie\u017c po\u0142\u0105cze\u0144 dalekobie\u017cnych korzystaj\u0105cych z tej linii. Wed\u0142ug przekazanych informacji poci\u0105gi dalekobie\u017cne maj\u0105 by\u0107 kierowane tras\u0105 objazdow\u0105 z pomini\u0119ciem Lubina i Legnicy. Sytuacja mo\u017ce wp\u0142ywa\u0107 r\u00f3wnie\u017c na kolejne po\u0142\u0105czenia, dlatego pasa\u017cerowie planuj\u0105cy podr\u00f3\u017c przez ten rejon powinni przed wyjazdem sprawdzi\u0107 bie\u017c\u0105ce komunikaty przewo\u017anik\u00f3w.<\/p>\n<p data-start=\"2159\" data-end=\"2350\">Na miejscu zdarzenia prowadzone s\u0105 czynno\u015bci maj\u0105ce wyja\u015bni\u0107 jego przebieg. Do czasu ich zako\u0144czenia i ponownego dopuszczenia tor\u00f3w do ruchu przejazd poci\u0105g\u00f3w na odcinku pozostaje niemo\u017cliwy. Nie wiadomo jeszcze, kiedy dok\u0142adnie przywr\u00f3cony zostanie normalny ruch kolejowy. Wed\u0142ug pierwszych, nieoficjalnych szacunk\u00f3w utrudnienia mog\u0105 potrwa\u0107 kilka godzin.<\/p>\n<\/div>\n<\/div>\n<\/div>\n<\/div>\n<\/div>\n<\/div>\n<\/section>\n<\/div>\n<\/div>\n","protected":false},"excerpt":{"rendered":"<p>Do tragicznego zdarzenia dosz\u0142o w poniedzia\u0142ek, 31 sierpnia, przed godzin\u0105 7 rano na torach pomi\u0119dzy Rasz\u00f3wk\u0105 w powiecie lubi\u0144skim a Lubinem. Poci\u0105g Kolei Dolno\u015bl\u0105skich potr\u0105ci\u0142 znajduj\u0105c\u0105 si\u0119 na torach osob\u0119 postronn\u0105. Informacj\u0119 o zdarzeniu potwierdzi\u0142a podkom. Sylwia Serafin z Komendy Powiatowej Policji w Lubinie. Na miejscu prowadzone s\u0105 czynno\u015bci s\u0142u\u017cb. Na obecnym etapie nie podano [&hellip;]<\/p>\n","protected":false},"author":3,"featured_media":920,"comment_status":"closed","ping_status":"closed","sticky":false,"template":"","format":"standard","meta":{"jnews-multi-image_gallery":[],"jnews_single_post":{"format":"standard","override":[{"template":"1","parallax":"1","fullscreen":"1","layout":"double-sidebar","sidebar":"single-left","second_sidebar":"default-sidebar","sticky_sidebar":"1","share_position":"floatbottom","share_float_style":"share-normal","show_share_counter":"1","show_view_counter":"1","show_featured":"1","show_post_meta":"1","show_post_author":"1","show_post_author_image":"1","show_post_date":"1","post_date_format":"default","post_date_format_custom":"Y\/m\/d","show_post_reading_time":"1","post_reading_time_wpm":"250","post_calculate_word_method":"str_word_count","show_zoom_button":"1","zoom_button_out_step":"2","zoom_button_in_step":"3","show_post_tag":"1","show_popup_post":"1","show_comment_section":"1","number_popup_post":"1","show_author_box":"0","show_post_related":"1","show_inline_post_related":"1"}],"image_override":[{"single_post_thumbnail_size":"no-crop","single_post_gallery_size":"crop-715"}],"trending_post_position":"meta","trending_post_label":"Trending","sponsored_post_label":"Sponsored by","disable_ad":"0","subtitle":"Powa\u017cne utrudnienia na linii kolejowej mi\u0119dzy Lubinem a Legnic\u0105. W poniedzia\u0142ek rano poci\u0105g Kolei Dolno\u015bl\u0105skich potr\u0105ci\u0142 osob\u0119 postronn\u0105 na odcinku Rasz\u00f3wka\u2013Lubin. Ruch kolejowy zosta\u0142 wstrzymany, a przewo\u017anik uruchomi\u0142 zast\u0119pcz\u0105 komunikacj\u0119 autobusow\u0105. Na miejscu pracuj\u0105 s\u0142u\u017cby, kt\u00f3re ustalaj\u0105 dok\u0142adne okoliczno\u015bci zdarzenia."},"jnews_primary_category":[],"jnews_social_meta":[],"jnews_override_counter":{"view_counter_number":"0","share_counter_number":"0","like_counter_number":"0","dislike_counter_number":"0"},"jnews_post_split":{"post_split":[{"template":"1","tag":"h2","numbering":"asc","mode":"normal","first":"0","enable_toc":"0","toc_type":"normal"}]},"footnotes":""},"categories":[1,35],"tags":[400,127,2166,395,212,2164,96,2163,2162,2165,1051],"coauthors":[77],"class_list":["post-2714","post","type-post","status-publish","format-standard","has-post-thumbnail","hentry","category-wiadomosci","category-region","tag-dolny-slask","tag-koleje-dolnoslaskie","tag-komunikacja-zastepcza","tag-legnica","tag-lubin","tag-pociag","tag-policja","tag-potracenie-na-torach","tag-raszowka","tag-utrudnienia-kolejowe","tag-wypadek-kolejowy"],"_links":{"self":[{"href":"https:\/\/prawywroclaw.pl\/index.php\/wp-json\/wp\/v2\/posts\/2714","targetHints":{"allow":["GET"]}}],"collection":[{"href":"https:\/\/prawywroclaw.pl\/index.php\/wp-json\/wp\/v2\/posts"}],"about":[{"href":"https:\/\/prawywroclaw.pl\/index.php\/wp-json\/wp\/v2\/types\/post"}],"author":[{"embeddable":true,"href":"https:\/\/prawywroclaw.pl\/index.php\/wp-json\/wp\/v2\/users\/3"}],"replies":[{"embeddable":true,"href":"https:\/\/prawywroclaw.pl\/index.php\/wp-json\/wp\/v2\/comments?post=2714"}],"version-history":[{"count":2,"href":"https:\/\/prawywroclaw.pl\/index.php\/wp-json\/wp\/v2\/posts\/2714\/revisions"}],"predecessor-version":[{"id":2716,"href":"https:\/\/prawywroclaw.pl\/index.php\/wp-json\/wp\/v2\/posts\/2714\/revisions\/2716"}],"wp:featuredmedia":[{"embeddable":true,"href":"https:\/\/prawywroclaw.pl\/index.php\/wp-json\/wp\/v2\/media\/920"}],"wp:attachment":[{"href":"https:\/\/prawywroclaw.pl\/index.php\/wp-json\/wp\/v2\/media?parent=2714"}],"wp:term":[{"taxonomy":"category","embeddable":true,"href":"https:\/\/prawywroclaw.pl\/index.php\/wp-json\/wp\/v2\/categories?post=2714"},{"taxonomy":"post_tag","embeddable":true,"href":"https:\/\/prawywroclaw.pl\/index.php\/wp-json\/wp\/v2\/tags?post=2714"},{"taxonomy":"author","embeddable":true,"href":"https:\/\/prawywroclaw.pl\/index.php\/wp-json\/wp\/v2\/coauthors?post=2714"}],"curies":[{"name":"wp","href":"https:\/\/api.w.org\/{rel}","templated":true}]}}