{"id":2723,"date":"2026-08-31T14:45:36","date_gmt":"2026-08-31T12:45:36","guid":{"rendered":"https:\/\/prawywroclaw.pl\/?p=2723"},"modified":"2026-08-31T14:46:29","modified_gmt":"2026-08-31T12:46:29","slug":"pamiec-prawda-reparacje-ruch-obrony-granic-zaprasza-na-pikiete-w-87-rocznice-wybuchu-ii-wojny-swiatowej","status":"publish","type":"post","link":"https:\/\/prawywroclaw.pl\/index.php\/2026\/08\/31\/pamiec-prawda-reparacje-ruch-obrony-granic-zaprasza-na-pikiete-w-87-rocznice-wybuchu-ii-wojny-swiatowej\/","title":{"rendered":"\u201ePami\u0119\u0107, prawda, reparacje\u201d. Ruch Obrony Granic zaprasza na pikiet\u0119 w 87. rocznic\u0119 wybuchu II wojny \u015bwiatowej"},"content":{"rendered":"<p data-start=\"889\" data-end=\"1180\"><strong data-start=\"889\" data-end=\"1180\">1 wrze\u015bnia 1939 roku niemiecka napa\u015b\u0107 na Polsk\u0119 rozpocz\u0119\u0142a II wojn\u0119 \u015bwiatow\u0105 \u2013 najkrwawszy konflikt w dziejach ludzko\u015bci. Dok\u0142adnie 87 lat p\u00f3\u017aniej Ruch Obrony Granic zaprasza mieszka\u0144c\u00f3w Wroc\u0142awia na pikiet\u0119, kt\u00f3ra ma by\u0107 wyrazem pami\u0119ci o polskich ofiarach wojny i niemieckiej okupacji.<\/strong><\/p>\n<p data-start=\"1182\" data-end=\"1308\">Zgromadzenie rozpocznie si\u0119 1 wrze\u015bnia o godz. 18.00 przed Konsulatem Generalnym Niemiec we Wroc\u0142awiu przy ul. Podwale 76.<\/p>\n<p data-start=\"1310\" data-end=\"1576\">Has\u0142o wydarzenia brzmi: \u201ePami\u0119\u0107! Prawda! Reparacje!\u201d. Jak wynika z zapowiedzi organizator\u00f3w, rocznicowe spotkanie ma \u0142\u0105czy\u0107 upami\u0119tnienie ofiar z przypomnieniem kwestii odpowiedzialno\u015bci za wojenne zbrodnie i zniszczenia oraz postulatem wyp\u0142aty Polsce reparacji.<\/p>\n<p data-start=\"1639\" data-end=\"1873\">Za organizacj\u0119 wydarzenia odpowiada Ruch Obrony Granic. Tym razem dzia\u0142acze i sympatycy inicjatywy chc\u0105 wykorzysta\u0107 rocznic\u0119 1 wrze\u015bnia przede wszystkim do oddania ho\u0142du Polakom, kt\u00f3rzy padli ofiar\u0105 niemieckiej agresji i okupacji.<\/p>\n<p data-start=\"1875\" data-end=\"2010\">Miejsce pikiety r\u00f3wnie\u017c ma wymiar symboliczny. Uczestnicy spotkaj\u0105 si\u0119 bezpo\u015brednio przed siedzib\u0105 niemieckiego konsulatu we Wroc\u0142awiu. ROG chce w ten spos\u00f3b przypomnie\u0107, \u017ce za liczbami opisuj\u0105cymi wojenne straty kryj\u0105 si\u0119 losy konkretnych ludzi \u2013 zamordowanych, represjonowanych, wysiedlonych oraz pozbawionych dorobku \u017cycia.<\/p>\n<p data-start=\"2467\" data-end=\"2651\">Niemcy zaatakowa\u0142y Polsk\u0119 nad ranem 1 wrze\u015bnia 1939 roku. Rozpocz\u0119ta w\u00f3wczas wojna i trwaj\u0105ca p\u00f3\u017aniej okupacja przynios\u0142y Polsce gigantyczne straty ludzkie, materialne i kulturowe. Dlatego \u2013 jak wynika z przes\u0142ania wydarzenia \u2013 organizatorzy chc\u0105, aby rocznica by\u0142a nie tylko okazj\u0105 do historycznej refleksji, ale tak\u017ce publicznego przypomnienia o odpowiedzialno\u015bci sprawc\u00f3w.<\/p>\n<p data-start=\"2849\" data-end=\"3065\">Jednym z g\u0142\u00f3wnych hase\u0142 pikiety b\u0119dzie kwestia reparacji wojennych od Niemiec. Ruch Obrony Granic opowiada si\u0119 za dochodzeniem przez Polsk\u0119 roszcze\u0144 zwi\u0105zanych ze stratami poniesionymi podczas II wojny \u015bwiatowej. Kwestia ta pozostaje przedmiotem sporu pomi\u0119dzy Warszaw\u0105 a Berlinem. Strona niemiecka od lat stoi na stanowisku, \u017ce zagadnienie reparacji zosta\u0142o prawnie zamkni\u0119te. W Polsce pogl\u0105d ten jest kwestionowany przez cz\u0119\u015b\u0107 \u015brodowisk politycznych i spo\u0142ecznych, kt\u00f3re wskazuj\u0105 m.in. na okoliczno\u015bci deklaracji w\u0142adz PRL z 1953 roku.<\/p>\n<p data-start=\"3427\" data-end=\"3630\">Organizatorzy nie ukrywaj\u0105 wi\u0119c, \u017ce wroc\u0142awska pikieta b\u0119dzie mia\u0142a r\u00f3wnie\u017c wymiar spo\u0142eczny i polityczny. Jej trzy has\u0142a \u2013 pami\u0119\u0107, prawda i reparacje \u2013 maj\u0105 wyznacza\u0107 g\u0142\u00f3wne przes\u0142anie zgromadzenia. Pierwszym pozostaje jednak pami\u0119\u0107 o ofiarach.<\/p>\n<p data-start=\"3679\" data-end=\"3936\">87 lat po rozpocz\u0119ciu wojny Ruch Obrony Granic chce zgromadzi\u0107 przed niemieckim konsulatem osoby, kt\u00f3re chc\u0105 wsp\u00f3lnie przypomnie\u0107 o Polakach zamordowanych podczas wojny i okupacji oraz zamanifestowa\u0107 potrzeb\u0119 zachowania pami\u0119ci o wydarzeniach lat 1939\u20131945.<\/p>\n<p data-start=\"3938\" data-end=\"4070\"><strong data-start=\"3938\" data-end=\"4070\">Pikieta odb\u0119dzie si\u0119 we wtorek, 1 wrze\u015bnia, o godz. 18.00 przed Konsulatem Generalnym Niemiec we Wroc\u0142awiu, przy ul. Podwale 76.<\/strong><\/p>\n","protected":false},"excerpt":{"rendered":"<p>1 wrze\u015bnia 1939 roku niemiecka napa\u015b\u0107 na Polsk\u0119 rozpocz\u0119\u0142a II wojn\u0119 \u015bwiatow\u0105 \u2013 najkrwawszy konflikt w dziejach ludzko\u015bci. Dok\u0142adnie 87 lat p\u00f3\u017aniej Ruch Obrony Granic zaprasza mieszka\u0144c\u00f3w Wroc\u0142awia na pikiet\u0119, kt\u00f3ra ma by\u0107 wyrazem pami\u0119ci o polskich ofiarach wojny i niemieckiej okupacji. Zgromadzenie rozpocznie si\u0119 1 wrze\u015bnia o godz. 18.00 przed Konsulatem Generalnym Niemiec we [&hellip;]<\/p>\n","protected":false},"author":3,"featured_media":2724,"comment_status":"closed","ping_status":"closed","sticky":false,"template":"","format":"standard","meta":{"jnews-multi-image_gallery":[],"jnews_single_post":{"format":"standard","override":[{"template":"1","parallax":"1","fullscreen":"1","layout":"double-sidebar","sidebar":"single-left","second_sidebar":"default-sidebar","sticky_sidebar":"1","share_position":"floatbottom","share_float_style":"share-normal","show_share_counter":"1","show_view_counter":"1","show_featured":"1","show_post_meta":"1","show_post_author":"1","show_post_author_image":"1","show_post_date":"1","post_date_format":"default","post_date_format_custom":"Y\/m\/d","show_post_reading_time":"1","post_reading_time_wpm":"250","post_calculate_word_method":"str_word_count","show_zoom_button":"1","zoom_button_out_step":"2","zoom_button_in_step":"3","show_post_tag":"1","show_popup_post":"1","show_comment_section":"1","number_popup_post":"1","show_author_box":"0","show_post_related":"1","show_inline_post_related":"1"}],"image_override":[{"single_post_thumbnail_size":"no-crop","single_post_gallery_size":"crop-715"}],"trending_post_position":"meta","trending_post_label":"Trending","sponsored_post_label":"Sponsored by","disable_ad":"0","subtitle":"W 87. rocznic\u0119 niemieckiej napa\u015bci na Polsk\u0119 przed Konsulatem Generalnym Niemiec we Wroc\u0142awiu odb\u0119dzie si\u0119 pikieta organizowana przez Ruch Obrony Granic. Jej uczestnicy chc\u0105 uczci\u0107 pami\u0119\u0107 ofiar II wojny \u015bwiatowej, przypomnie\u0107 o zbrodniach i zniszczeniach dokonanych podczas niemieckiej okupacji oraz upomnie\u0107 si\u0119 o reparacje wojenne. Pocz\u0105tek zgromadzenia we wtorek, 1 wrze\u015bnia, o godz. 18.00 przy ul. Podwale 76."},"jnews_primary_category":[],"jnews_social_meta":[],"jnews_override_counter":{"view_counter_number":"0","share_counter_number":"0","like_counter_number":"0","dislike_counter_number":"0"},"jnews_post_split":{"post_split":[{"template":"1","tag":"h2","numbering":"asc","mode":"normal","first":"0","enable_toc":"0","toc_type":"normal"}]},"footnotes":""},"categories":[36,34,38],"tags":[2100,400,43,306,1310,2178,2179,1562,454,2176,2180,596,2177,2175,131,85],"coauthors":[77],"class_list":["post-2723","post","type-post","status-publish","format-standard","has-post-thumbnail","hentry","category-polska-i-swiat","category-wroclaw","category-zaproszenia","tag-1-wrzesnia","tag-dolny-slask","tag-hot-news","tag-ii-wojna-swiatowa","tag-konsulat-niemiec-we-wroclawiu","tag-niemiecka-agresja-na-polske","tag-ofiary-ii-wojny-swiatowej","tag-okupacja-niemiecka","tag-pamiec-historyczna","tag-pikieta-we-wroclawiu","tag-reparacje-od-niemiec","tag-reparacje-wojenne","tag-rocznica-wybuchu-ii-wojny-swiatowej","tag-rog","tag-ruch-obrony-granic","tag-wroclaw"],"_links":{"self":[{"href":"https:\/\/prawywroclaw.pl\/index.php\/wp-json\/wp\/v2\/posts\/2723","targetHints":{"allow":["GET"]}}],"collection":[{"href":"https:\/\/prawywroclaw.pl\/index.php\/wp-json\/wp\/v2\/posts"}],"about":[{"href":"https:\/\/prawywroclaw.pl\/index.php\/wp-json\/wp\/v2\/types\/post"}],"author":[{"embeddable":true,"href":"https:\/\/prawywroclaw.pl\/index.php\/wp-json\/wp\/v2\/users\/3"}],"replies":[{"embeddable":true,"href":"https:\/\/prawywroclaw.pl\/index.php\/wp-json\/wp\/v2\/comments?post=2723"}],"version-history":[{"count":2,"href":"https:\/\/prawywroclaw.pl\/index.php\/wp-json\/wp\/v2\/posts\/2723\/revisions"}],"predecessor-version":[{"id":2726,"href":"https:\/\/prawywroclaw.pl\/index.php\/wp-json\/wp\/v2\/posts\/2723\/revisions\/2726"}],"wp:featuredmedia":[{"embeddable":true,"href":"https:\/\/prawywroclaw.pl\/index.php\/wp-json\/wp\/v2\/media\/2724"}],"wp:attachment":[{"href":"https:\/\/prawywroclaw.pl\/index.php\/wp-json\/wp\/v2\/media?parent=2723"}],"wp:term":[{"taxonomy":"category","embeddable":true,"href":"https:\/\/prawywroclaw.pl\/index.php\/wp-json\/wp\/v2\/categories?post=2723"},{"taxonomy":"post_tag","embeddable":true,"href":"https:\/\/prawywroclaw.pl\/index.php\/wp-json\/wp\/v2\/tags?post=2723"},{"taxonomy":"author","embeddable":true,"href":"https:\/\/prawywroclaw.pl\/index.php\/wp-json\/wp\/v2\/coauthors?post=2723"}],"curies":[{"name":"wp","href":"https:\/\/api.w.org\/{rel}","templated":true}]}}