{"id":2739,"date":"2026-09-01T08:02:50","date_gmt":"2026-09-01T06:02:50","guid":{"rendered":"https:\/\/prawywroclaw.pl\/?p=2739"},"modified":"2026-09-01T08:02:50","modified_gmt":"2026-09-01T06:02:50","slug":"pawel-piekarczyk-wystapi-w-lubinie-koncert-patriotyczny-w-holdzie-ofiarom-zbrodni-lubinskiej-i-ii-wojny-swiatowej","status":"publish","type":"post","link":"https:\/\/prawywroclaw.pl\/index.php\/2026\/09\/01\/pawel-piekarczyk-wystapi-w-lubinie-koncert-patriotyczny-w-holdzie-ofiarom-zbrodni-lubinskiej-i-ii-wojny-swiatowej\/","title":{"rendered":"Pawe\u0142 Piekarczyk wyst\u0105pi w Lubinie. Koncert patriotyczny w ho\u0142dzie ofiarom Zbrodni Lubi\u0144skiej i II wojny \u015bwiatowej"},"content":{"rendered":"<p data-start=\"445\" data-end=\"737\"><strong>Historia opowiedziana poprzez muzyk\u0119 i pami\u0119\u0107 o ofiarach dw\u00f3ch tragicznych do\u015bwiadcze\u0144 polskiej historii. W \u015brod\u0119, 2 wrze\u015bnia, w Lubinie odb\u0119dzie si\u0119 koncert patriotyczny Paw\u0142a Piekarczyka. Organizatorzy zapraszaj\u0105 mieszka\u0144c\u00f3w miasta i regionu do ko\u015bcio\u0142a pw. Matki Bo\u017cej Cz\u0119stochowskiej.<\/strong><\/p>\n<p data-start=\"805\" data-end=\"1022\">Koncert organizowany jest w szczeg\u00f3lnym czasie \u2013 bezpo\u015brednio po przypadaj\u0105cej 31 sierpnia rocznicy Zbrodni Lubi\u0144skiej oraz 1 wrze\u015bnia, kiedy Polska wspomina niemieck\u0105 napa\u015b\u0107 z 1939 roku i pocz\u0105tek II wojny \u015bwiatowej. Jak podkre\u015blaj\u0105 organizatorzy, koncert odb\u0119dzie si\u0119 \u201ew ho\u0142dzie ofiarom Zbrodni Lubi\u0144skiej i II wojny \u015bwiatowej\u201d.<\/p>\n<p data-start=\"1171\" data-end=\"1491\">Pierwsze z tych wydarze\u0144 zajmuje szczeg\u00f3lne miejsce w najnowszej historii Lubina. 31 sierpnia 1982 roku, podczas manifestacji w drug\u0105 rocznic\u0119 podpisania Porozumie\u0144 Sierpniowych, funkcjonariusze komunistycznych s\u0142u\u017cb u\u017cyli broni przeciwko demonstrantom. Zgin\u0119li Micha\u0142 Adamowicz, Mieczys\u0142aw Po\u017aniak i Andrzej Trajkowski.<\/p>\n<p data-start=\"1493\" data-end=\"1683\">Pami\u0119\u0107 o Zbrodni Lubi\u0144skiej pozostaje jednym z najwa\u017cniejszych element\u00f3w lokalnej to\u017csamo\u015bci historycznej. Ka\u017cdego roku pod koniec sierpnia miasto przypomina o ofiarach wydarze\u0144 z 1982 roku. Tegoroczny koncert po\u0142\u0105czy t\u0119 pami\u0119\u0107 z przypomnieniem ofiar II wojny \u015bwiatowej, kt\u00f3rej 87. rocznica wybuchu przypada dzie\u0144 przed wyst\u0119pem.<\/p>\n<p data-start=\"1866\" data-end=\"2156\">Bohaterem wieczoru b\u0119dzie Pawe\u0142 Piekarczyk, pie\u015bniarz zwi\u0105zany z nurtem muzyki patriotycznej i historycznej. W swojej tw\u00f3rczo\u015bci si\u0119ga do wydarze\u0144 z historii Polski, opowiadaj\u0105c poprzez piosenki o ludziach zaanga\u017cowanych w walk\u0119 o niepodleg\u0142o\u015b\u0107 i sprzeciw wobec systemu komunistycznego.<\/p>\n<p data-start=\"2158\" data-end=\"2377\">Lubinianie b\u0119d\u0105 mieli wi\u0119c okazj\u0119 uczestniczy\u0107 w wydarzeniu, w kt\u00f3rym muzyka ma by\u0107 nie tylko form\u0105 artystycznego wyst\u0119pu, lecz r\u00f3wnie\u017c sposobem opowiadania o historii i zachowywania pami\u0119ci o jej bohaterach i ofiarach.<\/p>\n<p data-start=\"2431\" data-end=\"2591\">Miejscem wydarzenia b\u0119dzie ko\u015bci\u00f3\u0142 pw. Matki Bo\u017cej Cz\u0119stochowskiej w Lubinie. Na koncert zapraszaj\u0105 miejscowa parafia oraz organizacje patriotyczne regionu.<\/p>\n<p data-start=\"2593\" data-end=\"2664\">Organizatorzy zdecydowali, \u017ce udzia\u0142 w wydarzeniu b\u0119dzie bezp\u0142atny. Koncert wpisuje si\u0119 w odbywaj\u0105ce si\u0119 na prze\u0142omie sierpnia i wrze\u015bnia uroczysto\u015bci i inicjatywy przypominaj\u0105ce o dw\u00f3ch wa\u017cnych dla polskiej historii rocznicach. W przypadku Lubina maj\u0105 one szczeg\u00f3lny wymiar \u2013 pami\u0119\u0107 o ofiarach II wojny \u015bwiatowej spotyka si\u0119 tutaj z pami\u0119ci\u0105 o mieszka\u0144cach zabitych ponad cztery dekady p\u00f3\u017aniej przez funkcjonariuszy komunistycznego aparatu pa\u0144stwa.<\/p>\n<p data-start=\"3049\" data-end=\"3215\"><strong>Koncert patriotyczny Paw\u0142a Piekarczyka odb\u0119dzie si\u0119 w \u015brod\u0119, 2 wrze\u015bnia 2026 roku o godz. 19.00 w ko\u015bciele pw. Matki Bo\u017cej Cz\u0119stochowskiej w Lubinie. Wst\u0119p wolny.<\/strong><\/p>\n","protected":false},"excerpt":{"rendered":"<p>Historia opowiedziana poprzez muzyk\u0119 i pami\u0119\u0107 o ofiarach dw\u00f3ch tragicznych do\u015bwiadcze\u0144 polskiej historii. W \u015brod\u0119, 2 wrze\u015bnia, w Lubinie odb\u0119dzie si\u0119 koncert patriotyczny Paw\u0142a Piekarczyka. Organizatorzy zapraszaj\u0105 mieszka\u0144c\u00f3w miasta i regionu do ko\u015bcio\u0142a pw. Matki Bo\u017cej Cz\u0119stochowskiej. Koncert organizowany jest w szczeg\u00f3lnym czasie \u2013 bezpo\u015brednio po przypadaj\u0105cej 31 sierpnia rocznicy Zbrodni Lubi\u0144skiej oraz 1 wrze\u015bnia, [&hellip;]<\/p>\n","protected":false},"author":3,"featured_media":2740,"comment_status":"closed","ping_status":"closed","sticky":false,"template":"","format":"standard","meta":{"jnews-multi-image_gallery":[],"jnews_single_post":{"format":"standard","override":[{"template":"1","parallax":"1","fullscreen":"1","layout":"double-sidebar","sidebar":"single-left","second_sidebar":"default-sidebar","sticky_sidebar":"1","share_position":"floatbottom","share_float_style":"share-normal","show_share_counter":"1","show_view_counter":"1","show_featured":"1","show_post_meta":"1","show_post_author":"1","show_post_author_image":"1","show_post_date":"1","post_date_format":"default","post_date_format_custom":"Y\/m\/d","show_post_reading_time":"1","post_reading_time_wpm":"250","post_calculate_word_method":"str_word_count","show_zoom_button":"1","zoom_button_out_step":"2","zoom_button_in_step":"3","show_post_tag":"1","show_popup_post":"1","show_comment_section":"1","number_popup_post":"1","show_author_box":"0","show_post_related":"1","show_inline_post_related":"1"}],"image_override":[{"single_post_thumbnail_size":"no-crop","single_post_gallery_size":"crop-715"}],"trending_post_position":"meta","trending_post_label":"Trending","sponsored_post_label":"Sponsored by","disable_ad":"0","subtitle":"Pie\u015bniarz i autor utwor\u00f3w o tematyce historycznej Pawe\u0142 Piekarczyk wyst\u0105pi 2 wrze\u015bnia w Lubinie. Koncert patriotyczny b\u0119dzie po\u015bwi\u0119cony pami\u0119ci ofiar Zbrodni Lubi\u0144skiej oraz II wojny \u015bwiatowej. Wydarzenie odb\u0119dzie si\u0119 w ko\u015bciele pw. Matki Bo\u017cej Cz\u0119stochowskiej. Pocz\u0105tek o godz. 19.00, a udzia\u0142 w koncercie jest bezp\u0142atny."},"jnews_primary_category":[],"jnews_social_meta":[],"jnews_override_counter":{"view_counter_number":"0","share_counter_number":"0","like_counter_number":"0","dislike_counter_number":"0"},"jnews_post_split":{"post_split":[{"template":"1","tag":"h2","numbering":"asc","mode":"normal","first":"0","enable_toc":"0","toc_type":"normal"}]},"footnotes":""},"categories":[35,38],"tags":[2190,1825,400,306,2194,1879,2193,212,2191,454,2189,2192,1821],"coauthors":[77],"class_list":["post-2739","post","type-post","status-publish","format-standard","has-post-thumbnail","hentry","category-region","category-zaproszenia","tag-1-wrzesnia-1939","tag-31-sierpnia-1982","tag-dolny-slask","tag-ii-wojna-swiatowa","tag-koncert-lubin","tag-koncert-patriotyczny","tag-kosciol-matki-bozej-czestochowskiej","tag-lubin","tag-ofiary-komunizmu","tag-pamiec-historyczna","tag-pawel-piekarczyk","tag-wydarzenia-lubin","tag-zbrodnia-lubinska"],"_links":{"self":[{"href":"https:\/\/prawywroclaw.pl\/index.php\/wp-json\/wp\/v2\/posts\/2739","targetHints":{"allow":["GET"]}}],"collection":[{"href":"https:\/\/prawywroclaw.pl\/index.php\/wp-json\/wp\/v2\/posts"}],"about":[{"href":"https:\/\/prawywroclaw.pl\/index.php\/wp-json\/wp\/v2\/types\/post"}],"author":[{"embeddable":true,"href":"https:\/\/prawywroclaw.pl\/index.php\/wp-json\/wp\/v2\/users\/3"}],"replies":[{"embeddable":true,"href":"https:\/\/prawywroclaw.pl\/index.php\/wp-json\/wp\/v2\/comments?post=2739"}],"version-history":[{"count":1,"href":"https:\/\/prawywroclaw.pl\/index.php\/wp-json\/wp\/v2\/posts\/2739\/revisions"}],"predecessor-version":[{"id":2741,"href":"https:\/\/prawywroclaw.pl\/index.php\/wp-json\/wp\/v2\/posts\/2739\/revisions\/2741"}],"wp:featuredmedia":[{"embeddable":true,"href":"https:\/\/prawywroclaw.pl\/index.php\/wp-json\/wp\/v2\/media\/2740"}],"wp:attachment":[{"href":"https:\/\/prawywroclaw.pl\/index.php\/wp-json\/wp\/v2\/media?parent=2739"}],"wp:term":[{"taxonomy":"category","embeddable":true,"href":"https:\/\/prawywroclaw.pl\/index.php\/wp-json\/wp\/v2\/categories?post=2739"},{"taxonomy":"post_tag","embeddable":true,"href":"https:\/\/prawywroclaw.pl\/index.php\/wp-json\/wp\/v2\/tags?post=2739"},{"taxonomy":"author","embeddable":true,"href":"https:\/\/prawywroclaw.pl\/index.php\/wp-json\/wp\/v2\/coauthors?post=2739"}],"curies":[{"name":"wp","href":"https:\/\/api.w.org\/{rel}","templated":true}]}}