{"id":2750,"date":"2026-09-02T08:27:18","date_gmt":"2026-09-02T06:27:18","guid":{"rendered":"https:\/\/prawywroclaw.pl\/?p=2750"},"modified":"2026-09-02T08:27:18","modified_gmt":"2026-09-02T06:27:18","slug":"wroclaw-z-najdrozszymi-smieciami-na-dolnym-slasku-czteroosobowa-rodzina-zaplaci-2640-zl-rocznie","status":"publish","type":"post","link":"https:\/\/prawywroclaw.pl\/index.php\/2026\/09\/02\/wroclaw-z-najdrozszymi-smieciami-na-dolnym-slasku-czteroosobowa-rodzina-zaplaci-2640-zl-rocznie\/","title":{"rendered":"Wroc\u0142aw z najdro\u017cszymi \u015bmieciami na Dolnym \u015al\u0105sku. Czteroosobowa rodzina zap\u0142aci 2640 z\u0142 rocznie"},"content":{"rendered":"<div class=\"qMYqUG_convSearchResultHighlightRoot\">\n<div class=\"\" data-turn-id-container=\"request-69d75fc5-6f50-8389-bd2a-784d4f4a6f13-0\" data-is-intersecting=\"true\">\n<section class=\"text-token-text-primary w-full focus:outline-none has-data-writing-block:pointer-events-none [&amp;:has([data-writing-block])&gt;*]:pointer-events-auto R6Vx5W_threadScrollVars scroll-mb-[calc(var(--scroll-root-safe-area-inset-bottom,0px)+var(--thread-response-height))] scroll-mt-[calc(var(--header-height)+min(200px,max(70px,20svh)))]\" dir=\"auto\" data-turn-id=\"request-69d75fc5-6f50-8389-bd2a-784d4f4a6f13-0\" data-turn-id-container=\"request-69d75fc5-6f50-8389-bd2a-784d4f4a6f13-0\" data-testid=\"conversation-turn-12\" data-turn=\"assistant\">\n<div class=\"text-base my-auto mx-auto pb-8 [--thread-content-margin:var(--thread-content-margin-xs,calc(var(--spacing)*4))] @w-sm\/main:[--thread-content-margin:var(--thread-content-margin-sm,calc(var(--spacing)*6))] @w-lg\/main:[--thread-content-margin:var(--thread-content-margin-lg,calc(var(--spacing)*16))] px-(--thread-content-margin)\">\n<div class=\"[--thread-content-max-width:40rem] @w-lg\/main:[--thread-content-max-width:48rem] mx-auto max-w-(--thread-content-max-width) flex-1 group\/turn-messages focus-visible:outline-hidden relative flex w-full min-w-0 flex-col agent-turn\" data-conversation-screenshot-content=\"\">\n<div class=\"flex max-w-full flex-col gap-4 grow\">\n<div class=\"min-h-8 text-message relative flex w-full flex-col items-end gap-2 text-start break-words whitespace-normal outline-none keyboard-focused:focus-ring [.text-message+&amp;]:mt-1\" dir=\"auto\" tabindex=\"0\" data-message-author-role=\"assistant\" data-message-id=\"c8930b5c-436e-4f83-90f1-5487d339f5ce\" data-message-model-slug=\"gpt-5-6\" data-turn-start-message=\"true\">\n<div class=\"flex w-full flex-col gap-1 empty:hidden\">\n<div class=\"fbskMG_root markdown prose dark:prose-invert wrap-break-word w-full dark markdown-new-styling\">\n<p data-start=\"447\" data-end=\"686\"><strong>Od pocz\u0105tku wrze\u015bnia domowe bud\u017cety wroc\u0142awian obci\u0105\u017ca kolejna podwy\u017cka. Nowa miesi\u0119czna op\u0142ata za gospodarowanie odpadami wynosi 55 z\u0142 od mieszka\u0144ca. W przypadku czteroosobowej rodziny oznacza to ju\u017c 220 z\u0142 miesi\u0119cznie, czyli 2640 z\u0142 w ci\u0105gu roku.<\/strong><\/p>\n<p data-start=\"688\" data-end=\"776\">Dotychczasowa op\u0142ata by\u0142a o blisko 14 z\u0142 ni\u017csza. Podwy\u017cka si\u0119ga wi\u0119c niemal 33 proc. Nowe ceny s\u0105 efektem uchwa\u0142y przyj\u0119tej 9 lipca przez Rad\u0119 Miejsk\u0105 Wroc\u0142awia na wniosek prezydenta miasta. Za podniesieniem op\u0142at zag\u0142osowa\u0142o 21 spo\u015br\u00f3d 32 radnych.<\/p>\n<p data-start=\"982\" data-end=\"1115\">Po wej\u015bciu w \u017cycie nowych stawek stolica Dolnego \u015al\u0105ska ma najwy\u017csz\u0105 op\u0142at\u0119 za odbi\u00f3r segregowanych odpad\u00f3w w ca\u0142ym wojew\u00f3dztwie.<\/p>\n<p data-start=\"1117\" data-end=\"1374\">Niekorzystnie dla Wroc\u0142awia wygl\u0105da r\u00f3wnie\u017c por\u00f3wnanie z innymi du\u017cymi miastami. W Poznaniu op\u0142ata przypadaj\u0105ca na mieszka\u0144ca bloku jest niemal o po\u0142ow\u0119 ni\u017csza. Mieszka\u0144cy Krakowa p\u0142ac\u0105 o oko\u0142o 20 z\u0142 mniej, natomiast \u0141odzi \u2013 o oko\u0142o 18 z\u0142 mniej miesi\u0119cznie.<\/p>\n<p data-start=\"1376\" data-end=\"1550\">W przypadku wieloosobowych gospodarstw r\u00f3\u017cnica szybko ro\u015bnie. Czteroosobowa wroc\u0142awska rodzina musi od wrze\u015bnia przeznacza\u0107 na sam odbi\u00f3r odpad\u00f3w 220 z\u0142 ka\u017cdego miesi\u0105ca.<\/p>\n<p data-start=\"1610\" data-end=\"1731\">W\u0142adze Wroc\u0142awia argumentuj\u0105, \u017ce podwy\u017cka jest konsekwencj\u0105 rosn\u0105cych koszt\u00f3w funkcjonowania systemu gospodarki odpadami.<\/p>\n<blockquote>\n<p data-start=\"1733\" data-end=\"2007\"><em data-start=\"1735\" data-end=\"1956\">Przez ostatnie 4 lata bazowali\u015bmy na stawce ustalonej jeszcze wtedy. Jednak inflacja oraz podwy\u017cki cen energii \u2013 zw\u0142aszcza tej ostatniej \u2013 spowodowa\u0142y, \u017ce pobierana op\u0142ata przesta\u0142a bilansowa\u0107 ponoszone przez nas koszty<\/em><\/p>\n<\/blockquote>\n<p data-start=\"1733\" data-end=\"2007\">\u2013 t\u0142umaczy wiceprezydent Wroc\u0142awia Grzegorz Roman.<\/p>\n<p data-start=\"2009\" data-end=\"2215\">Skala wydatk\u00f3w jest znacz\u0105ca. W ubieg\u0142ym roku na wyw\u00f3z odpad\u00f3w zmieszanych miasto przeznaczy\u0142o 247,2 mln z\u0142. Kwota ta stanowi\u0142a ponad po\u0142ow\u0119 ca\u0142ego bud\u017cetu wroc\u0142awskiego systemu gospodarowania odpadami.<\/p>\n<p data-start=\"2217\" data-end=\"2347\">Ostatecznie ci\u0119\u017car rosn\u0105cych koszt\u00f3w w znacznej cz\u0119\u015bci odczuj\u0105 jednak mieszka\u0144cy, kt\u00f3rzy od wrze\u015bnia musz\u0105 p\u0142aci\u0107 wyra\u017anie wi\u0119cej.<\/p>\n<p data-start=\"2397\" data-end=\"2524\">Podwy\u017cka wchodzi w \u017cycie w momencie, gdy Wroc\u0142aw od ponad roku mierzy si\u0119 z problemami dotycz\u0105cymi organizacji odbioru odpad\u00f3w.<\/p>\n<p data-start=\"2526\" data-end=\"2738\">Miejska sp\u00f3\u0142ka Ekosystem nie zdo\u0142a\u0142a dot\u0105d rozstrzygn\u0105\u0107 przetargu, kt\u00f3ry mia\u0142 zapewni\u0107 docelow\u0105 obs\u0142ug\u0119 systemu. Odbi\u00f3r \u015bmieci jest obecnie realizowany na podstawie um\u00f3w pomostowych zawieranych z wolnej r\u0119ki.<\/p>\n<p data-start=\"2740\" data-end=\"2843\">Prezes Ekosystemu Micha\u0142 M\u0142y\u0144czak zapewnia, \u017ce mieszka\u0144cy nie powinni z tego powodu odczuwa\u0107 problem\u00f3w.<\/p>\n<blockquote>\n<p data-start=\"2845\" data-end=\"3074\"><em data-start=\"2847\" data-end=\"3062\">Obecnie us\u0142ugi wywozu \u015bmieci na rzecz mieszka\u0144c\u00f3w s\u0105 w pe\u0142ni zabezpieczone, a odbi\u00f3r odbywa si\u0119 na niezmienionym poziomie i z dotychczasow\u0105 cz\u0119stotliwo\u015bci\u0105. Zrealizowali\u015bmy to poprzez umowy pomostowe z wolnej r\u0119ki<\/em><\/p>\n<\/blockquote>\n<p data-start=\"2845\" data-end=\"3074\">\u2013 wyja\u015bnia.<\/p>\n<p data-start=\"3076\" data-end=\"3267\">Sytuacja jest jednak nietypowa: mieszka\u0144cy zaczynaj\u0105 p\u0142aci\u0107 rekordow\u0105 w skali wojew\u00f3dztwa stawk\u0119 w czasie, gdy miasto nadal nie ma rozstrzygni\u0119tego docelowego przetargu na odbi\u00f3r odpad\u00f3w.<\/p>\n<p data-start=\"3302\" data-end=\"3426\">Podwy\u017ck\u0119 odczuj\u0105 przede wszystkim wi\u0119ksze gospodarstwa domowe. Przy obecnej stawce roczne koszty prezentuj\u0105 si\u0119 nast\u0119puj\u0105co:<\/p>\n<ul data-start=\"3428\" data-end=\"3576\">\n<li data-section-id=\"1unk9n1\" data-start=\"3428\" data-end=\"3463\">jedna osoba \u2013 660 z\u0142 rocznie,<\/li>\n<li data-section-id=\"1euultk\" data-start=\"3464\" data-end=\"3491\">dwie osoby \u2013 1320 z\u0142,<\/li>\n<li data-section-id=\"494h1e\" data-start=\"3492\" data-end=\"3519\">trzy osoby \u2013 1980 z\u0142,<\/li>\n<li data-section-id=\"1e81thg\" data-start=\"3520\" data-end=\"3549\">cztery osoby \u2013 2640 z\u0142,<\/li>\n<li data-section-id=\"1l7n0h3\" data-start=\"3550\" data-end=\"3576\">pi\u0119\u0107 os\u00f3b \u2013 3300 z\u0142.<\/li>\n<\/ul>\n<p data-start=\"3578\" data-end=\"3690\">Jedna z mieszkanek Wroc\u0142awia uwa\u017ca jednak, \u017ce cz\u0119\u015b\u0107 odpowiedzialno\u015bci za rosn\u0105ce koszty ponosz\u0105 sami mieszka\u0144cy.<\/p>\n<blockquote>\n<p data-start=\"3692\" data-end=\"3853\"><em data-start=\"3694\" data-end=\"3831\">Podwy\u017cka jest du\u017ca, ale uwa\u017cam, \u017ce ludzie w pewnym stopniu sami s\u0105 sobie winni. Po prostu nie segreguj\u0105 \u015bmieci i dlatego jest, jak jest<\/em><\/p>\n<\/blockquote>\n<p data-start=\"3692\" data-end=\"3853\">\u2013 komentuje pani Ewa.<\/p>\n<p data-start=\"3912\" data-end=\"4162\">Od 1 wrze\u015bnia wroc\u0142awianie musz\u0105 wi\u0119c przygotowa\u0107 si\u0119 na zauwa\u017calnie wy\u017csze rachunki. Wzrost o niemal jedn\u0105 trzeci\u0105 oznacza, \u017ce Wroc\u0142aw wysuwa si\u0119 na pierwsze miejsce na Dolnym \u015al\u0105sku pod wzgl\u0119dem wysoko\u015bci op\u0142aty za odbi\u00f3r segregowanych odpad\u00f3w.<\/p>\n<p data-start=\"4164\" data-end=\"4385\">W\u0142adze miasta wskazuj\u0105 na inflacj\u0119, ceny energii i rosn\u0105ce koszty ca\u0142ego systemu. Jednocze\u015bnie nie spos\u00f3b pomin\u0105\u0107 faktu, \u017ce od ponad roku nie uda\u0142o si\u0119 doprowadzi\u0107 do rozstrzygni\u0119cia docelowego przetargu na odbi\u00f3r \u015bmieci.<\/p>\n<p data-start=\"4387\" data-end=\"4605\">Dla mieszka\u0144c\u00f3w najwa\u017cniejszy skutek jest ju\u017c jednak wymierny: od wrze\u015bnia ka\u017cda osoba w gospodarstwie domowym oznacza 55 z\u0142 miesi\u0119cznej op\u0142aty, a dla czteroosobowej rodziny rachunek przekroczy 2,6 tys. z\u0142 rocznie.<\/p>\n<\/div>\n<\/div>\n<\/div>\n<\/div>\n<\/div>\n<\/div>\n<\/section>\n<\/div>\n<\/div>\n","protected":false},"excerpt":{"rendered":"<p>Od pocz\u0105tku wrze\u015bnia domowe bud\u017cety wroc\u0142awian obci\u0105\u017ca kolejna podwy\u017cka. Nowa miesi\u0119czna op\u0142ata za gospodarowanie odpadami wynosi 55 z\u0142 od mieszka\u0144ca. W przypadku czteroosobowej rodziny oznacza to ju\u017c 220 z\u0142 miesi\u0119cznie, czyli 2640 z\u0142 w ci\u0105gu roku. Dotychczasowa op\u0142ata by\u0142a o blisko 14 z\u0142 ni\u017csza. Podwy\u017cka si\u0119ga wi\u0119c niemal 33 proc. Nowe ceny s\u0105 efektem uchwa\u0142y [&hellip;]<\/p>\n","protected":false},"author":3,"featured_media":640,"comment_status":"closed","ping_status":"closed","sticky":false,"template":"","format":"standard","meta":{"jnews-multi-image_gallery":[],"jnews_single_post":{"format":"standard","override":[{"template":"1","parallax":"1","fullscreen":"1","layout":"double-sidebar","sidebar":"single-left","second_sidebar":"default-sidebar","sticky_sidebar":"1","share_position":"floatbottom","share_float_style":"share-normal","show_share_counter":"1","show_view_counter":"1","show_featured":"1","show_post_meta":"1","show_post_author":"1","show_post_author_image":"1","show_post_date":"1","post_date_format":"default","post_date_format_custom":"Y\/m\/d","show_post_reading_time":"1","post_reading_time_wpm":"250","post_calculate_word_method":"str_word_count","show_zoom_button":"1","zoom_button_out_step":"2","zoom_button_in_step":"3","show_post_tag":"1","show_popup_post":"1","show_comment_section":"1","number_popup_post":"1","show_author_box":"0","show_post_related":"1","show_inline_post_related":"1"}],"image_override":[{"single_post_thumbnail_size":"no-crop","single_post_gallery_size":"crop-715"}],"trending_post_position":"meta","trending_post_label":"Trending","sponsored_post_label":"Sponsored by","disable_ad":"0","subtitle":"Od 1 wrze\u015bnia mieszka\u0144cy Wroc\u0142awia p\u0142ac\u0105 55 z\u0142 miesi\u0119cznie od osoby za odbi\u00f3r segregowanych odpad\u00f3w. To wzrost o niemal 33 proc. i najwy\u017csza stawka w ca\u0142ym wojew\u00f3dztwie dolno\u015bl\u0105skim. Wroc\u0142awianie p\u0142ac\u0105 te\u017c wyra\u017anie wi\u0119cej ni\u017c mieszka\u0144cy innych du\u017cych polskich miast. W\u0142adze t\u0142umacz\u0105 podwy\u017ck\u0119 rosn\u0105cymi kosztami funkcjonowania systemu."},"jnews_primary_category":[],"jnews_social_meta":[],"jnews_override_counter":{"view_counter_number":"0","share_counter_number":"0","like_counter_number":"0","dislike_counter_number":"0"},"jnews_post_split":{"post_split":[{"template":"1","tag":"h2","numbering":"asc","mode":"normal","first":"0","enable_toc":"0","toc_type":"normal"}]},"footnotes":""},"categories":[1,34],"tags":[2200,400,2201,319,862,858,561,163,1619,685,760,2199,85],"coauthors":[77],"class_list":["post-2750","post","type-post","status-publish","format-standard","has-post-thumbnail","hentry","category-wiadomosci","category-wroclaw","tag-55-zl-za-smieci","tag-dolny-slask","tag-ekosystem-wroclaw","tag-gospodarka-odpadami","tag-grzegorz-roman","tag-michal-mlynczak","tag-odpady","tag-oplaty-komunalne","tag-oplaty-za-smieci","tag-podwyzki","tag-rada-miejska-wroclawia","tag-smieci-wroclaw","tag-wroclaw"],"_links":{"self":[{"href":"https:\/\/prawywroclaw.pl\/index.php\/wp-json\/wp\/v2\/posts\/2750","targetHints":{"allow":["GET"]}}],"collection":[{"href":"https:\/\/prawywroclaw.pl\/index.php\/wp-json\/wp\/v2\/posts"}],"about":[{"href":"https:\/\/prawywroclaw.pl\/index.php\/wp-json\/wp\/v2\/types\/post"}],"author":[{"embeddable":true,"href":"https:\/\/prawywroclaw.pl\/index.php\/wp-json\/wp\/v2\/users\/3"}],"replies":[{"embeddable":true,"href":"https:\/\/prawywroclaw.pl\/index.php\/wp-json\/wp\/v2\/comments?post=2750"}],"version-history":[{"count":2,"href":"https:\/\/prawywroclaw.pl\/index.php\/wp-json\/wp\/v2\/posts\/2750\/revisions"}],"predecessor-version":[{"id":2752,"href":"https:\/\/prawywroclaw.pl\/index.php\/wp-json\/wp\/v2\/posts\/2750\/revisions\/2752"}],"wp:featuredmedia":[{"embeddable":true,"href":"https:\/\/prawywroclaw.pl\/index.php\/wp-json\/wp\/v2\/media\/640"}],"wp:attachment":[{"href":"https:\/\/prawywroclaw.pl\/index.php\/wp-json\/wp\/v2\/media?parent=2750"}],"wp:term":[{"taxonomy":"category","embeddable":true,"href":"https:\/\/prawywroclaw.pl\/index.php\/wp-json\/wp\/v2\/categories?post=2750"},{"taxonomy":"post_tag","embeddable":true,"href":"https:\/\/prawywroclaw.pl\/index.php\/wp-json\/wp\/v2\/tags?post=2750"},{"taxonomy":"author","embeddable":true,"href":"https:\/\/prawywroclaw.pl\/index.php\/wp-json\/wp\/v2\/coauthors?post=2750"}],"curies":[{"name":"wp","href":"https:\/\/api.w.org\/{rel}","templated":true}]}}