{"id":2754,"date":"2026-09-02T11:05:53","date_gmt":"2026-09-02T09:05:53","guid":{"rendered":"https:\/\/prawywroclaw.pl\/?p=2754"},"modified":"2026-09-02T11:05:53","modified_gmt":"2026-09-02T09:05:53","slug":"pamiec-prawda-i-reparacje-we-wroclawiu-upomnieli-sie-o-niemieckie-zadoscuczynienie-za-ii-wojne-swiatowa","status":"publish","type":"post","link":"https:\/\/prawywroclaw.pl\/index.php\/2026\/09\/02\/pamiec-prawda-i-reparacje-we-wroclawiu-upomnieli-sie-o-niemieckie-zadoscuczynienie-za-ii-wojne-swiatowa\/","title":{"rendered":"\u201ePami\u0119\u0107, prawda i reparacje\u201d. We Wroc\u0142awiu upomnieli si\u0119 o niemieckie zado\u015b\u0107uczynienie za II wojn\u0119 \u015bwiatow\u0105"},"content":{"rendered":"<p class=\"isSelectedEnd\"><strong>87 lat po rozpocz\u0119ciu II wojny \u015bwiatowej w centrum Wroc\u0142awia ponownie wybrzmia\u0142o pytanie o odpowiedzialno\u015b\u0107 Niemiec za straty poniesione przez Polsk\u0119. 1 wrze\u015bnia na ul. O\u0142awskiej odby\u0142o si\u0119 spotkanie historyczno-edukacyjne zorganizowane przez \u015brodowisko \u201eWroc\u0142aw Pami\u0119ta\u201d. Tegoroczne wydarzenie koncentrowa\u0142o si\u0119 przede wszystkim na grabie\u017cy polskiego maj\u0105tku w latach 1939\u20131945 oraz kwestii reparacji i zado\u015b\u0107uczynienia.<\/strong><\/p>\n<p class=\"isSelectedEnd\">W samym centrum miasta przygotowano materia\u0142y historyczne dotycz\u0105ce niemieckiej okupacji i jej gospodarczych konsekwencji. Organizatorzy przypominali, \u017ce wojna oznacza\u0142a dla Polski nie tylko miliony ofiar, terror i planow\u0105 eksterminacj\u0119, lecz tak\u017ce ogromn\u0105 grabie\u017c maj\u0105tku pa\u0144stwowego, prywatnego oraz d\u00f3br kultury.<\/p>\n<p class=\"isSelectedEnd\">Jednym z najbardziej charakterystycznych element\u00f3w wydarzenia by\u0142 ustawiony na miejscu g\u0142az. Mia\u0142 on imitowa\u0107 kamie\u0144 ods\u0142oni\u0119ty w Berlinie jako tymczasowe upami\u0119tnienie polskich ofiar niemieckiej agresji i okupacji.<\/p>\n<p class=\"isSelectedEnd\">W Polsce forma berli\u0144skiego upami\u0119tnienia spotka\u0142a si\u0119 z krytyk\u0105 jako niewsp\u00f3\u0142mierna do skali niemieckich zbrodni i polskich strat. Wroc\u0142awska imitacja mia\u0142a unaoczni\u0107 uczestnikom, jak skromn\u0105 form\u0119 przybra\u0142o upami\u0119tnienie ofiar w stolicy pa\u0144stwa odpowiedzialnego za rozp\u0119tanie wojny.<\/p>\n<p class=\"isSelectedEnd\">Kwestia odpowiedzialno\u015bci Niemiec za wojenne straty by\u0142a jednym z najwa\u017cniejszych temat\u00f3w wyst\u0105pie\u0144.<\/p>\n<p class=\"isSelectedEnd\">Wies\u0142aw Misiek ze stowarzyszenia \u201eWroc\u0142aw Pami\u0119ta\u201d podkre\u015bla\u0142, \u017ce Polska nie powinna rezygnowa\u0107 z dochodzenia swoich roszcze\u0144. Jak wskazywa\u0142, pami\u0119\u0107 o ofiarach powinna i\u015b\u0107 w parze z konsekwentnym zabieganiem o materialne zado\u015b\u0107uczynienie za zbrodnie, zniszczenia i grabie\u017c dokonan\u0105 podczas niemieckiej okupacji.<\/p>\n<blockquote>\n<p class=\"isSelectedEnd\">Musimy za wszelk\u0105 cen\u0119 d\u0105\u017cy\u0107 do uzyskania reparacji i zado\u015b\u0107uczynienia od Niemiec<\/p>\n<\/blockquote>\n<p class=\"isSelectedEnd\">\u2013 m\u00f3wi\u0142 Wies\u0142aw Misiek.<\/p>\n<p class=\"isSelectedEnd\">Podobne stanowisko przedstawi\u0142 uczestnicz\u0105cy w wydarzeniu wroc\u0142awski radny PiS S\u0142awomir \u015amigielski. Zwraca\u0142 uwag\u0119, \u017ce nierozwi\u0105zana kwestia wojennych zobowi\u0105za\u0144 pozostaje przeszkod\u0105 na drodze do pe\u0142nego pojednania polsko-niemieckiego.<\/p>\n<p class=\"isSelectedEnd\">W jego ocenie dop\u00f3ki Niemcy nie ureguluj\u0105 d\u0142ugu wobec Polski wynikaj\u0105cego ze strat poniesionych podczas II wojny \u015bwiatowej, trudno m\u00f3wi\u0107 o rzeczywistym zamkni\u0119ciu tego rozdzia\u0142u wzajemnych relacji.<\/p>\n<p class=\"isSelectedEnd\">Tegoroczna edycja wydarzenia \u201eWroc\u0142aw Pami\u0119ta\u201d zosta\u0142a po\u015bwi\u0119cona przede wszystkim temu aspektowi okupacji, kt\u00f3ry cz\u0119sto pozostaje w cieniu zbrodni dokonywanych bezpo\u015brednio na ludno\u015bci \u2013 systematycznej eksploatacji gospodarczej i rabunkowi polskiego maj\u0105tku.<\/p>\n<p class=\"isSelectedEnd\">Organizatorzy przypominali o przejmowaniu przez okupanta przedsi\u0119biorstw, nieruchomo\u015bci i prywatnego mienia, a tak\u017ce o wywo\u017ceniu z Polski dzie\u0142 sztuki i innych d\u00f3br kultury. Zwracali uwag\u0119, \u017ce skutki tej polityki nie zako\u0144czy\u0142y si\u0119 wraz z kapitulacj\u0105 III Rzeszy, lecz przez kolejne dziesi\u0119ciolecia wp\u0142ywa\u0142y na mo\u017cliwo\u015bci rozwoju odbudowuj\u0105cego si\u0119 pa\u0144stwa.<\/p>\n<p class=\"isSelectedEnd\">Spotkanie mia\u0142o jednocze\u015bnie charakter edukacyjny. Przygotowane materia\u0142y kierowano nie tylko do os\u00f3b pami\u0119taj\u0105cych histori\u0119 wojny z rodzinnych przekaz\u00f3w, ale r\u00f3wnie\u017c do m\u0142odszego pokolenia. Organizatorzy podkre\u015blali, \u017ce bez przekazywania wiedzy o wydarzeniach lat 1939\u20131945 kolejnym generacjom pami\u0119\u0107 o rzeczywistej skali polskich strat b\u0119dzie stopniowo zanika\u0107.<\/p>\n<p class=\"isSelectedEnd\">Wroc\u0142awskie wydarzenie by\u0142o jednym z rocznicowych przedsi\u0119wzi\u0119\u0107 odbywaj\u0105cych si\u0119 1 wrze\u015bnia w mie\u015bcie. Tego samego dnia przed Konsulatem Generalnym Niemiec przy ul. Podwale odby\u0142a si\u0119 tak\u017ce pikieta pod has\u0142em \u201ePami\u0119\u0107! Prawda! Reparacje!\u201d, zorganizowana przez Ruch Obrony Granic.<\/p>\n<p class=\"isSelectedEnd\">Oba wydarzenia \u0142\u0105czy\u0142o przypomnienie, \u017ce 87 lat po niemieckiej napa\u015bci na Polsk\u0119 kwestia wojennych strat i odpowiedzialno\u015bci za nie pozostaje obecna w polskiej debacie publicznej.<\/p>\n<p class=\"isSelectedEnd\">Niemcy stoj\u0105 na stanowisku, \u017ce kwestia reparacji wojennych zosta\u0142a prawnie zamkni\u0119ta. Stanowisko to jest kwestionowane przez cz\u0119\u015b\u0107 polskich \u015brodowisk politycznych i spo\u0142ecznych, kt\u00f3re wskazuj\u0105 m.in. na okoliczno\u015bci z\u0142o\u017cenia przez w\u0142adze PRL deklaracji z 1953 roku dotycz\u0105cej zrzeczenia si\u0119 reparacji.<\/p>\n<p class=\"isSelectedEnd\">Dla organizator\u00f3w wroc\u0142awskiego spotkania sprawa pozostaje jednak aktualna. Jak podkre\u015blano 1 wrze\u015bnia na ul. O\u0142awskiej, pami\u0119\u0107 o ofiarach powinna oznacza\u0107 nie tylko coroczne rocznicowe uroczysto\u015bci, ale r\u00f3wnie\u017c przypominanie o odpowiedzialno\u015bci sprawc\u00f3w, skali poniesionych przez Polsk\u0119 strat oraz potrzebie ich zado\u015b\u0107uczynienia.<\/p>\n","protected":false},"excerpt":{"rendered":"<p>87 lat po rozpocz\u0119ciu II wojny \u015bwiatowej w centrum Wroc\u0142awia ponownie wybrzmia\u0142o pytanie o odpowiedzialno\u015b\u0107 Niemiec za straty poniesione przez Polsk\u0119. 1 wrze\u015bnia na ul. O\u0142awskiej odby\u0142o si\u0119 spotkanie historyczno-edukacyjne zorganizowane przez \u015brodowisko \u201eWroc\u0142aw Pami\u0119ta\u201d. Tegoroczne wydarzenie koncentrowa\u0142o si\u0119 przede wszystkim na grabie\u017cy polskiego maj\u0105tku w latach 1939\u20131945 oraz kwestii reparacji i zado\u015b\u0107uczynienia. W samym [&hellip;]<\/p>\n","protected":false},"author":3,"featured_media":2755,"comment_status":"closed","ping_status":"closed","sticky":false,"template":"","format":"standard","meta":{"jnews-multi-image_gallery":[],"jnews_single_post":{"format":"standard","override":[{"template":"1","parallax":"1","fullscreen":"1","layout":"double-sidebar","sidebar":"single-left","second_sidebar":"default-sidebar","sticky_sidebar":"1","share_position":"floatbottom","share_float_style":"share-normal","show_share_counter":"1","show_view_counter":"1","show_featured":"1","show_post_meta":"1","show_post_author":"1","show_post_author_image":"1","show_post_date":"1","post_date_format":"default","post_date_format_custom":"Y\/m\/d","show_post_reading_time":"1","post_reading_time_wpm":"250","post_calculate_word_method":"str_word_count","show_zoom_button":"1","zoom_button_out_step":"2","zoom_button_in_step":"3","show_post_tag":"1","show_popup_post":"1","show_comment_section":"1","number_popup_post":"1","show_author_box":"0","show_post_related":"1","show_inline_post_related":"1"}],"image_override":[{"single_post_thumbnail_size":"no-crop","single_post_gallery_size":"crop-715"}],"trending_post_position":"meta","trending_post_label":"Trending","sponsored_post_label":"Sponsored by","disable_ad":"0","subtitle":"W 87. rocznic\u0119 niemieckiej napa\u015bci na Polsk\u0119 we Wroc\u0142awiu przypomniano o ofiarach okupacji, grabie\u017cy polskiego maj\u0105tku i nierozliczonych stratach wojennych. Na ul. O\u0142awskiej stan\u0119\u0142a m.in. imitacja kamienia nawi\u0105zuj\u0105cego do pomnika ustawionego w Berlinie, kt\u00f3rego forma spotka\u0142a si\u0119 w Polsce z krytyk\u0105. \u2013 Musimy za wszelk\u0105 cen\u0119 d\u0105\u017cy\u0107 do uzyskania reparacji i zado\u015b\u0107uczynienia \u2013 podkre\u015bla\u0142 Wies\u0142aw Misiek ze stowarzyszenia \u201eWroc\u0142aw Pami\u0119ta\u201d. O konieczno\u015bci uregulowania niemieckiego d\u0142ugu wobec Polski m\u00f3wi\u0142 r\u00f3wnie\u017c wroc\u0142awski radny S\u0142awomir \u015amigielski."},"jnews_primary_category":[],"jnews_social_meta":[],"jnews_override_counter":{"view_counter_number":"0","share_counter_number":"0","like_counter_number":"0","dislike_counter_number":"0"},"jnews_post_split":{"post_split":[{"template":"1","tag":"h2","numbering":"asc","mode":"normal","first":"0","enable_toc":"0","toc_type":"normal"}]},"footnotes":""},"categories":[1,34],"tags":[2100,43,306,143,2202,1562,596,2104,85,1517],"coauthors":[77],"class_list":["post-2754","post","type-post","status-publish","format-standard","has-post-thumbnail","hentry","category-wiadomosci","category-wroclaw","tag-1-wrzesnia","tag-hot-news","tag-ii-wojna-swiatowa","tag-niemcy","tag-niemiecka-napasc-na-polske","tag-okupacja-niemiecka","tag-reparacje-wojenne","tag-straty-wojenne","tag-wroclaw","tag-wroclaw-pamieta"],"_links":{"self":[{"href":"https:\/\/prawywroclaw.pl\/index.php\/wp-json\/wp\/v2\/posts\/2754","targetHints":{"allow":["GET"]}}],"collection":[{"href":"https:\/\/prawywroclaw.pl\/index.php\/wp-json\/wp\/v2\/posts"}],"about":[{"href":"https:\/\/prawywroclaw.pl\/index.php\/wp-json\/wp\/v2\/types\/post"}],"author":[{"embeddable":true,"href":"https:\/\/prawywroclaw.pl\/index.php\/wp-json\/wp\/v2\/users\/3"}],"replies":[{"embeddable":true,"href":"https:\/\/prawywroclaw.pl\/index.php\/wp-json\/wp\/v2\/comments?post=2754"}],"version-history":[{"count":1,"href":"https:\/\/prawywroclaw.pl\/index.php\/wp-json\/wp\/v2\/posts\/2754\/revisions"}],"predecessor-version":[{"id":2756,"href":"https:\/\/prawywroclaw.pl\/index.php\/wp-json\/wp\/v2\/posts\/2754\/revisions\/2756"}],"wp:featuredmedia":[{"embeddable":true,"href":"https:\/\/prawywroclaw.pl\/index.php\/wp-json\/wp\/v2\/media\/2755"}],"wp:attachment":[{"href":"https:\/\/prawywroclaw.pl\/index.php\/wp-json\/wp\/v2\/media?parent=2754"}],"wp:term":[{"taxonomy":"category","embeddable":true,"href":"https:\/\/prawywroclaw.pl\/index.php\/wp-json\/wp\/v2\/categories?post=2754"},{"taxonomy":"post_tag","embeddable":true,"href":"https:\/\/prawywroclaw.pl\/index.php\/wp-json\/wp\/v2\/tags?post=2754"},{"taxonomy":"author","embeddable":true,"href":"https:\/\/prawywroclaw.pl\/index.php\/wp-json\/wp\/v2\/coauthors?post=2754"}],"curies":[{"name":"wp","href":"https:\/\/api.w.org\/{rel}","templated":true}]}}