{"id":2758,"date":"2026-09-03T08:02:59","date_gmt":"2026-09-03T06:02:59","guid":{"rendered":"https:\/\/prawywroclaw.pl\/?p=2758"},"modified":"2026-09-03T08:02:59","modified_gmt":"2026-09-03T06:02:59","slug":"pracownik-wroclawskiego-ipn-z-zakazem-wjazdu-na-ukraine-jechal-na-pogrzeb-ofiar-zbrodni-wolynskiej","status":"publish","type":"post","link":"https:\/\/prawywroclaw.pl\/index.php\/2026\/09\/03\/pracownik-wroclawskiego-ipn-z-zakazem-wjazdu-na-ukraine-jechal-na-pogrzeb-ofiar-zbrodni-wolynskiej\/","title":{"rendered":"Pracownik wroc\u0142awskiego IPN z zakazem wjazdu na Ukrain\u0119. Jecha\u0142 na pogrzeb ofiar Zbrodni Wo\u0142y\u0144skiej"},"content":{"rendered":"<p data-start=\"573\" data-end=\"872\"><strong>Dr Micha\u0142 Siekierka nie dotar\u0142 na uroczysto\u015bci, kt\u00f3rych celem by\u0142o godne pochowanie i upami\u0119tnienie ofiar Zbrodni Wo\u0142y\u0144skiej. W niedziel\u0119, 30 sierpnia, podczas pr\u00f3by przekroczenia polsko-ukrai\u0144skiej granicy dowiedzia\u0142 si\u0119, \u017ce od blisko trzech lat ci\u0105\u017cy na nim zakaz wjazdu na terytorium Ukrainy.<\/strong><\/p>\n<p data-start=\"874\" data-end=\"1085\">Sprawa budzi tym wi\u0119ksze kontrowersje, \u017ce Siekierka od lat zajmuje si\u0119 tematyk\u0105 zbrodni dokonanych przez ukrai\u0144skich nacjonalist\u00f3w na ludno\u015bci polskiej i dzia\u0142alno\u015bci\u0105 na rzecz zachowania pami\u0119ci o ich ofiarach.<\/p>\n<p data-start=\"1087\" data-end=\"1255\">Jest pracownikiem naukowym Oddzia\u0142u Instytutu Pami\u0119ci Narodowej we Wroc\u0142awiu oraz wiceprezesem Stowarzyszenia Upami\u0119tniania Ofiar Zbrodni Ukrai\u0144skich Nacjonalist\u00f3w.<\/p>\n<p data-start=\"1292\" data-end=\"1502\">Wed\u0142ug przekazanych informacji podczas kontroli granicznej dr Siekierka zosta\u0142 poinformowany, \u017ce w 2023 roku S\u0142u\u017cba Bezpiecze\u0144stwa Ukrainy (SBU) umie\u015bci\u0142a go na li\u015bcie os\u00f3b obj\u0119tych zakazem wjazdu do kraju. Decyzja ma obowi\u0105zywa\u0107 przez trzy lata \u2013 do 28 listopada 2026 roku.<\/p>\n<p data-start=\"1577\" data-end=\"1722\">Co szczeg\u00f3lnie istotne, naukowcowi nie przedstawiono powodu, dla kt\u00f3rego ukrai\u0144skie s\u0142u\u017cby zdecydowa\u0142y o zastosowaniu wobec niego takiego \u015brodka.<\/p>\n<blockquote>\n<p data-start=\"1724\" data-end=\"1972\"><em data-start=\"1726\" data-end=\"1931\">Poinformowano mnie, \u017ce w 2023 roku zosta\u0142em umieszczony przez SBU na li\u015bcie os\u00f3b z zakazem wjazdu na terytorium Ukrainy. Nie podano \u017cadnego powodu tej decyzji. Nie pomog\u0142a nawet interwencja konsula<\/em><\/p>\n<\/blockquote>\n<p data-start=\"1724\" data-end=\"1972\">\u2013 przekaza\u0142 Micha\u0142 Siekierka.<\/p>\n<p data-start=\"2118\" data-end=\"2391\">Okoliczno\u015bci odmowy wjazdu wywo\u0142uj\u0105 szczeg\u00f3lne emocje. Dr Siekierka nie podr\u00f3\u017cowa\u0142 na Ukrain\u0119 turystycznie ani w zwi\u0105zku z dzia\u0142alno\u015bci\u0105 polityczn\u0105. Celem jego wyjazdu by\u0142 udzia\u0142 w uroczysto\u015bciach pogrzebowych ofiar Zbrodni Wo\u0142y\u0144skiej w Ostr\u00f3wkach i Woli Ostrowieckiej.<\/p>\n<p data-start=\"2393\" data-end=\"2668\">Nie reprezentowa\u0142 przy tym oficjalnie Instytutu Pami\u0119ci Narodowej. Jak zaznaczy\u0142 dyrektor wroc\u0142awskiego oddzia\u0142u IPN, wyjazd mia\u0142 charakter prywatny, a Siekierka uczestniczy\u0142 w nim jako wiceprezes stowarzyszenia zajmuj\u0105cego si\u0119 upami\u0119tnianiem ofiar ukrai\u0144skich nacjonalist\u00f3w.<\/p>\n<p data-start=\"2670\" data-end=\"2968\">W\u0142a\u015bnie ten aspekt sprawia, \u017ce decyzja ukrai\u0144skich w\u0142adz wymaga jasnego wyja\u015bnienia. Polski badacz i dzia\u0142acz spo\u0142eczny zosta\u0142 zatrzymany na granicy w drodze na pogrzeb Polak\u00f3w zamordowanych na Wo\u0142yniu, nie otrzymuj\u0105c przy tym informacji, dlaczego od 2023 roku nie wolno mu wje\u017cd\u017ca\u0107 na Ukrain\u0119.<\/p>\n<p data-start=\"3023\" data-end=\"3329\">Siekierka jest zwi\u0105zany ze \u015brodowiskiem zajmuj\u0105cym si\u0119 dokumentowaniem i upami\u0119tnianiem zbrodni ukrai\u0144skich nacjonalist\u00f3w. Jako wiceprezes Stowarzyszenia Upami\u0119tniania Ofiar Zbrodni Ukrai\u0144skich Nacjonalist\u00f3w anga\u017cuje si\u0119 w dzia\u0142ania dotycz\u0105ce zachowania pami\u0119ci o Polakach zamordowanych na dawnych Kresach. Jego wyjazd wpisywa\u0142 si\u0119 w\u0142a\u015bnie w t\u0119 dzia\u0142alno\u015b\u0107.<\/p>\n<p data-start=\"3394\" data-end=\"3662\">Dlatego brak podania przyczyn zakazu rodzi zasadnicze pytania: co konkretnie by\u0142o podstaw\u0105 decyzji SBU, dlaczego zainteresowany przez tak d\u0142ugi czas nie wiedzia\u0142 o jej istnieniu oraz czy zakaz ma zwi\u0105zek z jego dzia\u0142alno\u015bci\u0105 dotycz\u0105c\u0105 pami\u0119ci o Zbrodni Wo\u0142y\u0144skiej?<\/p>\n<p data-start=\"3664\" data-end=\"3819\">Na podstawie dost\u0119pnych informacji nie mo\u017cna przes\u0105dzi\u0107 odpowiedzi na ostatnie z tych pyta\u0144. Ukrai\u0144ska strona nie przedstawi\u0142a bowiem uzasadnienia decyzji.<\/p>\n<p data-start=\"3867\" data-end=\"4026\">Wed\u0142ug relacji przekazanej po zdarzeniu na miejscu podj\u0119to interwencj\u0119 konsularn\u0105. Nie doprowadzi\u0142a ona jednak do umo\u017cliwienia Siekierce przekroczenia granicy. W rezultacie przedstawiciel stowarzyszenia zajmuj\u0105cego si\u0119 pami\u0119ci\u0105 o polskich ofiarach nie m\u00f3g\u0142 uczestniczy\u0107 w ich pogrzebie.<\/p>\n<p data-start=\"4160\" data-end=\"4532\">Sprawa wymaga reakcji polskich w\u0142adz i przede wszystkim uzyskania od strony ukrai\u0144skiej konkretnego wyja\u015bnienia. W relacjach pomi\u0119dzy pa\u0144stwami pozostaje wiele trudnych temat\u00f3w historycznych, ale odmowa wjazdu polskiemu badaczowi jad\u0105cemu na uroczysto\u015bci po\u015bwi\u0119cone ofiarom \u2013 bez przedstawienia mu powod\u00f3w \u2013 trudno uzna\u0107 za sytuacj\u0119, kt\u00f3r\u0105 mo\u017cna pozostawi\u0107 bez odpowiedzi.<\/p>\n<p data-start=\"4580\" data-end=\"4910\">Sama Ukraina, jak ka\u017cde suwerenne pa\u0144stwo, ma prawo decydowa\u0107 o tym, kto mo\u017ce przekracza\u0107 jej granice. Nie oznacza to jednak, \u017ce polskie w\u0142adze powinny przej\u015b\u0107 oboj\u0119tnie nad przypadkiem obywatela Polski, pracownika IPN i dzia\u0142acza organizacji zajmuj\u0105cej si\u0119 pami\u0119ci\u0105 o ofiarach, kt\u00f3remu odm\u00f3wiono wjazdu bez podania przyczyny.<\/p>\n<p data-start=\"4912\" data-end=\"5056\">Zw\u0142aszcza \u017ce sta\u0142o si\u0119 to w drodze na uroczysto\u015bci zwi\u0105zane z jednym z najbardziej bolesnych rozdzia\u0142\u00f3w w historii stosunk\u00f3w polsko-ukrai\u0144skich.<\/p>\n<p data-start=\"5058\" data-end=\"5257\">W interesie zar\u00f3wno Polski, jak i Ukrainy powinno by\u0107 wi\u0119c szybkie ustalenie, z jakiego powodu dr Micha\u0142 Siekierka znalaz\u0142 si\u0119 na li\u015bcie SBU i dlaczego trzyletni zakaz zosta\u0142 wobec niego zastosowany.<\/p>\n<p data-start=\"5259\" data-end=\"5531\">Do czasu przedstawienia takiego uzasadnienia pozostaje podstawowy fakt: naukowiec z Wroc\u0142awia, od lat zaanga\u017cowany w upami\u0119tnianie polskich ofiar ukrai\u0144skich nacjonalist\u00f3w, nie zosta\u0142 wpuszczony na Ukrain\u0119, gdy jecha\u0142 uczestniczy\u0107 w pogrzebie ofiar Zbrodni Wo\u0142y\u0144skiej.<\/p>\n","protected":false},"excerpt":{"rendered":"<p>Dr Micha\u0142 Siekierka nie dotar\u0142 na uroczysto\u015bci, kt\u00f3rych celem by\u0142o godne pochowanie i upami\u0119tnienie ofiar Zbrodni Wo\u0142y\u0144skiej. W niedziel\u0119, 30 sierpnia, podczas pr\u00f3by przekroczenia polsko-ukrai\u0144skiej granicy dowiedzia\u0142 si\u0119, \u017ce od blisko trzech lat ci\u0105\u017cy na nim zakaz wjazdu na terytorium Ukrainy. Sprawa budzi tym wi\u0119ksze kontrowersje, \u017ce Siekierka od lat zajmuje si\u0119 tematyk\u0105 zbrodni dokonanych [&hellip;]<\/p>\n","protected":false},"author":3,"featured_media":2759,"comment_status":"closed","ping_status":"closed","sticky":false,"template":"","format":"standard","meta":{"jnews-multi-image_gallery":[],"jnews_single_post":{"format":"standard","override":[{"template":"1","parallax":"1","fullscreen":"1","layout":"double-sidebar","sidebar":"single-left","second_sidebar":"default-sidebar","sticky_sidebar":"1","share_position":"floatbottom","share_float_style":"share-normal","show_share_counter":"1","show_view_counter":"1","show_featured":"1","show_post_meta":"1","show_post_author":"1","show_post_author_image":"1","show_post_date":"1","post_date_format":"default","post_date_format_custom":"Y\/m\/d","show_post_reading_time":"1","post_reading_time_wpm":"250","post_calculate_word_method":"str_word_count","show_zoom_button":"1","zoom_button_out_step":"2","zoom_button_in_step":"3","show_post_tag":"1","show_popup_post":"1","show_comment_section":"1","number_popup_post":"1","show_author_box":"0","show_post_related":"1","show_inline_post_related":"1"}],"image_override":[{"single_post_thumbnail_size":"no-crop","single_post_gallery_size":"crop-715"}],"trending_post_position":"meta","trending_post_label":"Trending","sponsored_post_label":"Sponsored by","disable_ad":"0","subtitle":"Dr Micha\u0142 Siekierka, pracownik naukowy wroc\u0142awskiego oddzia\u0142u Instytutu Pami\u0119ci Narodowej i wiceprezes Stowarzyszenia Upami\u0119tniania Ofiar Zbrodni Ukrai\u0144skich Nacjonalist\u00f3w, nie zosta\u0142 wpuszczony na Ukrain\u0119. O obowi\u0105zuj\u0105cym od 2023 roku trzyletnim zakazie wjazdu dowiedzia\u0142 si\u0119 dopiero podczas kontroli granicznej. Naukowiec jecha\u0142 na uroczysto\u015bci pogrzebowe ofiar Zbrodni Wo\u0142y\u0144skiej w Ostr\u00f3wkach i Woli Ostrowieckiej. Powodu decyzji ukrai\u0144skich s\u0142u\u017cb mu nie podano."},"jnews_primary_category":[],"jnews_social_meta":[],"jnews_override_counter":{"view_counter_number":"0","share_counter_number":"0","like_counter_number":"0","dislike_counter_number":"0"},"jnews_post_split":{"post_split":[{"template":"1","tag":"h2","numbering":"asc","mode":"normal","first":"0","enable_toc":"0","toc_type":"normal"}]},"footnotes":""},"categories":[1,36,34],"tags":[400,43,712,849,1515,2204,2208,1640,2206,2210,2209,808,2205,1068,85,2207,2203],"coauthors":[77],"class_list":["post-2758","post","type-post","status-publish","format-standard","has-post-thumbnail","hentry","category-wiadomosci","category-polska-i-swiat","category-wroclaw","tag-dolny-slask","tag-hot-news","tag-instytut-pamieci-narodowej","tag-ipn-wroclaw","tag-michal-siekierka","tag-ostrowki","tag-polskie-ofiary-na-wolyniu","tag-rzez-wolynska","tag-sbu","tag-stosunki-polsko-ukrainskie","tag-stowarzyszenie-upamietniania-ofiar-zbrodni-ukrainskich-nacjonalistow","tag-ukraina","tag-wola-ostrowiecka","tag-wolyn","tag-wroclaw","tag-zakaz-wjazdu-na-ukraine","tag-zbrodnia-wolynska"],"_links":{"self":[{"href":"https:\/\/prawywroclaw.pl\/index.php\/wp-json\/wp\/v2\/posts\/2758","targetHints":{"allow":["GET"]}}],"collection":[{"href":"https:\/\/prawywroclaw.pl\/index.php\/wp-json\/wp\/v2\/posts"}],"about":[{"href":"https:\/\/prawywroclaw.pl\/index.php\/wp-json\/wp\/v2\/types\/post"}],"author":[{"embeddable":true,"href":"https:\/\/prawywroclaw.pl\/index.php\/wp-json\/wp\/v2\/users\/3"}],"replies":[{"embeddable":true,"href":"https:\/\/prawywroclaw.pl\/index.php\/wp-json\/wp\/v2\/comments?post=2758"}],"version-history":[{"count":1,"href":"https:\/\/prawywroclaw.pl\/index.php\/wp-json\/wp\/v2\/posts\/2758\/revisions"}],"predecessor-version":[{"id":2760,"href":"https:\/\/prawywroclaw.pl\/index.php\/wp-json\/wp\/v2\/posts\/2758\/revisions\/2760"}],"wp:featuredmedia":[{"embeddable":true,"href":"https:\/\/prawywroclaw.pl\/index.php\/wp-json\/wp\/v2\/media\/2759"}],"wp:attachment":[{"href":"https:\/\/prawywroclaw.pl\/index.php\/wp-json\/wp\/v2\/media?parent=2758"}],"wp:term":[{"taxonomy":"category","embeddable":true,"href":"https:\/\/prawywroclaw.pl\/index.php\/wp-json\/wp\/v2\/categories?post=2758"},{"taxonomy":"post_tag","embeddable":true,"href":"https:\/\/prawywroclaw.pl\/index.php\/wp-json\/wp\/v2\/tags?post=2758"},{"taxonomy":"author","embeddable":true,"href":"https:\/\/prawywroclaw.pl\/index.php\/wp-json\/wp\/v2\/coauthors?post=2758"}],"curies":[{"name":"wp","href":"https:\/\/api.w.org\/{rel}","templated":true}]}}