{"id":2762,"date":"2026-09-03T08:08:03","date_gmt":"2026-09-03T06:08:03","guid":{"rendered":"https:\/\/prawywroclaw.pl\/?p=2762"},"modified":"2026-09-03T08:08:03","modified_gmt":"2026-09-03T06:08:03","slug":"awantura-o-miejsce-w-kolejce-po-paliwo-wsrod-uczestnikow-trzech-policjantow-komendant-stracil-stanowisko","status":"publish","type":"post","link":"https:\/\/prawywroclaw.pl\/index.php\/2026\/09\/03\/awantura-o-miejsce-w-kolejce-po-paliwo-wsrod-uczestnikow-trzech-policjantow-komendant-stracil-stanowisko\/","title":{"rendered":"Awantura o miejsce w kolejce po paliwo. W\u015br\u00f3d uczestnik\u00f3w trzech policjant\u00f3w, komendant straci\u0142 stanowisko"},"content":{"rendered":"<p data-start=\"664\" data-end=\"979\"><strong data-start=\"664\" data-end=\"979\">Zacz\u0119\u0142o si\u0119 od sporu o to, kto ma prawo pierwszy podjecha\u0107 pod dystrybutor. Sko\u0144czy\u0142o na interwencji policyjnych kom\u00f3rek kontrolnych, post\u0119powaniu dyscyplinarnym i odwo\u0142aniu komendanta. G\u0142o\u015bna awantura na stacji paliw w Wa\u0142brzychu okaza\u0142a si\u0119 mie\u0107 znacznie powa\u017cniejszy wymiar, ni\u017c pocz\u0105tkowo mog\u0142o si\u0119 wydawa\u0107.<\/strong><\/p>\n<p data-start=\"981\" data-end=\"1136\">Do zdarzenia dosz\u0142o w poniedzia\u0142ek wieczorem. Na stacji Auchan ustawi\u0142a si\u0119 d\u0142uga kolejka kierowc\u00f3w chc\u0105cych zatankowa\u0107 samochody przed podwy\u017ck\u0105 cen paliw.<\/p>\n<p data-start=\"1138\" data-end=\"1261\">W pewnym momencie jeden z kieruj\u0105cych podjecha\u0142 bezpo\u015brednio pod dystrybutor. Cz\u0119\u015b\u0107 oczekuj\u0105cych uzna\u0142a, \u017ce omin\u0105\u0142 kolejk\u0119. S\u0142owna sprzeczka szybko przerodzi\u0142a si\u0119 w znacznie powa\u017cniejszy konflikt.<\/p>\n<p data-start=\"1484\" data-end=\"1689\">Swoj\u0105 wersj\u0119 wydarze\u0144 przedstawi\u0142 pan Maciej z Wa\u0142brzycha, kierowca, kt\u00f3remu zarzucono omini\u0119cie kolejki. M\u0119\u017cczyzna przekonuje, \u017ce nie pr\u00f3bowa\u0142 uzyska\u0107 pierwsze\u0144stwa, lecz pojecha\u0142 do wolnego dystrybutora.<\/p>\n<blockquote>\n<p data-start=\"1691\" data-end=\"1913\"><em data-start=\"1693\" data-end=\"1897\">Z \u017con\u0105 pojechali\u015bmy zatankowa\u0107 samoch\u00f3d. Pojechali\u015bmy pod \u201edw\u00f3jk\u0119\u201d. Pod \u201ejedynk\u0105\u201d by\u0142a kolejka. Nie wiem, czemu te auta si\u0119 nie rozje\u017cd\u017ca\u0142y pod te dystrybutory, skoro przecie\u017c mo\u017cna tankowa\u0107 obustronnie<\/em><\/p>\n<\/blockquote>\n<p data-start=\"1691\" data-end=\"1913\">\u2013 relacjonowa\u0142.<\/p>\n<p data-start=\"1915\" data-end=\"2124\">Wed\u0142ug jego wersji jedna z kobiet uzna\u0142a jednak, \u017ce para wepchn\u0119\u0142a si\u0119 do kolejki. Mia\u0142a podej\u015b\u0107 do ich samochodu i otworzy\u0107 drzwi. P\u00f3\u017aniej pomi\u0119dzy uczestnikami konfliktu dosz\u0142o do wymiany obra\u017aliwych gest\u00f3w.<\/p>\n<blockquote>\n<p data-start=\"2126\" data-end=\"2318\"><em data-start=\"2128\" data-end=\"2296\">Pani znowu przybieg\u0142a. Otworzy\u0142a znowu drzwi, zacz\u0119\u0142a wyzywa\u0107 moj\u0105 \u017con\u0119. I za chwil\u0119 przychodzi z jakim\u015b panem. No i to ju\u017c nie by\u0142o tak mi\u0142o, bo zacz\u0119li szarpa\u0107 \u017con\u0119<\/em><\/p>\n<\/blockquote>\n<p data-start=\"2126\" data-end=\"2318\">\u2013 opowiada\u0142 kierowca.<\/p>\n<p data-start=\"2320\" data-end=\"2411\">M\u0119\u017cczyzna twierdzi r\u00f3wnie\u017c, \u017ce podczas awantury uszkodzone zosta\u0142o lusterko jego samochodu. W pewnym momencie sam wysiad\u0142 z auta. Dosz\u0142o w\u00f3wczas do bezpo\u015bredniej szarpaniny pomi\u0119dzy m\u0119\u017cczyznami.<\/p>\n<blockquote>\n<p data-start=\"2554\" data-end=\"2684\"><em data-start=\"2556\" data-end=\"2657\">Rozerwa\u0142 mi koszulk\u0119. Ja mu \u015bci\u0105gn\u0105\u0142em okulary, rzuci\u0142em mu te okulary, no i \u017ce\u015bmy si\u0119 tam szarpali<\/em><\/p>\n<\/blockquote>\n<p data-start=\"2554\" data-end=\"2684\">\u2013 relacjonowa\u0142 pan Maciej.<\/p>\n<p data-start=\"2686\" data-end=\"2819\">Jak twierdzi, chwil\u0119 p\u00f3\u017aniej us\u0142ysza\u0142 okrzyk \u201epolicja\u201d, a do uczestnik\u00f3w zdarzenia podbieg\u0142 m\u0119\u017cczyzna wyposa\u017cony w pa\u0142k\u0119 teleskopow\u0105.<\/p>\n<blockquote>\n<p data-start=\"2821\" data-end=\"2860\"><em data-start=\"2823\" data-end=\"2847\">Nagle dostaj\u0119 w kolano<\/em><\/p>\n<\/blockquote>\n<p data-start=\"2821\" data-end=\"2860\">\u2013 opowiada\u0142.<\/p>\n<p data-start=\"2862\" data-end=\"3088\">Wed\u0142ug relacji wa\u0142brzyszanina dopiero w\u00f3wczas zorientowa\u0142 si\u0119, \u017ce osoby, z kt\u00f3rymi dosz\u0142o do konfliktu, mog\u0105 by\u0107 policjantami. Jak twierdzi, jeden z uczestnik\u00f3w zwr\u00f3ci\u0142 si\u0119 do drugiego s\u0142owami \u201edzie\u0144 dobry, panie komendancie\u201d.<\/p>\n<p data-start=\"3090\" data-end=\"3183\">To\u017csamo\u015b\u0107 uczestnik\u00f3w zdarzenia sta\u0142a si\u0119 nast\u0119pnie przedmiotem wewn\u0119trznych ustale\u0144 policji.<\/p>\n<p data-start=\"3247\" data-end=\"3363\">Komenda Wojew\u00f3dzka Policji we Wroc\u0142awiu oficjalnie potwierdzi\u0142a, \u017ce w zdarzeniu bra\u0142o udzia\u0142 trzech policjant\u00f3w. W\u015br\u00f3d nich znajdowa\u0142 si\u0119 funkcjonariusz pe\u0142ni\u0105cy obowi\u0105zki Komendanta Miejskiego Policji w Jeleniej G\u00f3rze.<\/p>\n<p data-start=\"3477\" data-end=\"3749\">Na polecenie Komendanta Wojew\u00f3dzkiego Policji we Wroc\u0142awiu spraw\u0105 zaj\u0119\u0142y si\u0119 policyjne kom\u00f3rki kontrolne. Ich zadaniem jest szczeg\u00f3\u0142owe odtworzenie przebiegu awantury, ustalenie, czy dosz\u0142o do naruszenia prawa, oraz ocena zachowania uczestnicz\u0105cych w niej funkcjonariuszy.<\/p>\n<p data-start=\"3751\" data-end=\"3851\">Wst\u0119pne ustalenia Wydzia\u0142u Kontroli KWP wystarczy\u0142y ju\u017c do podj\u0119cia pierwszych decyzji personalnych. Wobec funkcjonariusza pe\u0142ni\u0105cego obowi\u0105zki komendanta miejskiego w Jeleniej G\u00f3rze wszcz\u0119to post\u0119powanie dyscyplinarne.<\/p>\n<p data-start=\"4014\" data-end=\"4214\">Decyzj\u0105 Komendanta Wojew\u00f3dzkiego Policji we Wroc\u0142awiu zosta\u0142 on odwo\u0142any z dotychczas zajmowanego stanowiska, przeniesiony do dyspozycji KWP we Wroc\u0142awiu oraz zawieszony w czynno\u015bciach s\u0142u\u017cbowych. Policyjna kontrola nadal trwa. Badany jest r\u00f3wnie\u017c udzia\u0142 w zdarzeniu funkcjonariusza z powiatu wa\u0142brzyskiego.<\/p>\n<p data-start=\"4328\" data-end=\"4499\">Oznacza to, \u017ce decyzja personalna dotycz\u0105ca komendanta nie ko\u0144czy sprawy. Dopiero dalsze czynno\u015bci maj\u0105 pozwoli\u0107 ustali\u0107 dok\u0142adn\u0105 rol\u0119 poszczeg\u00f3lnych uczestnik\u00f3w awantury. Zdarzenie bada r\u00f3wnie\u017c prokuratura. Jak wskaza\u0142 prokurator Mariusz Pindera, zabezpieczone materia\u0142y mog\u0105 wskazywa\u0107 na mo\u017cliwo\u015b\u0107 pope\u0142nienia przest\u0119pstw.<\/p>\n<blockquote>\n<p data-start=\"4698\" data-end=\"4897\"><em data-start=\"4700\" data-end=\"4873\">Z nagrania wynika, \u017ce mog\u0142o doj\u015b\u0107 do b\u00f3jki czy te\u017c pobicia pomi\u0119dzy osobami oczekuj\u0105cymi w kolejce na zatankowanie samochodu, jak r\u00f3wnie\u017c do uszkodzenia jednego z pojazd\u00f3w<\/em><\/p>\n<\/blockquote>\n<p data-start=\"4698\" data-end=\"4897\">\u2013 przekaza\u0142 prokurator.<\/p>\n<p data-start=\"4899\" data-end=\"5155\">\u015aledczy wyst\u0105pili do Komendy Wojew\u00f3dzkiej Policji we Wroc\u0142awiu, Komendanta Miejskiego Policji w Wa\u0142brzychu oraz Biura Spraw Wewn\u0119trznych Policji o przekazanie zgromadzonych dotychczas informacji, danych uczestnik\u00f3w oraz zabezpieczonych zapis\u00f3w monitoringu. Prokuratura ma nast\u0119pnie zdecydowa\u0107 o dalszym toku post\u0119powania.<\/p>\n<p data-start=\"5277\" data-end=\"5410\">To, co rozpocz\u0119\u0142o si\u0119 jako banalny konflikt o miejsce w kolejce po ta\u0144sze paliwo, zako\u0144czy\u0142o si\u0119 powa\u017cnymi konsekwencjami s\u0142u\u017cbowymi. Do wyja\u015bnienia pozostaje przede wszystkim dok\u0142adny przebieg szarpaniny: kto j\u0105 rozpocz\u0105\u0142, w jakich okoliczno\u015bciach u\u017cyto pa\u0142ki teleskopowej, czy jej zastosowanie by\u0142o uzasadnione oraz jak\u0105 rol\u0119 odegrali poszczeg\u00f3lni funkcjonariusze.<\/p>\n<p data-start=\"5650\" data-end=\"5801\">Wersja przedstawiona przez pana Macieja jest relacj\u0105 jednego z uczestnik\u00f3w i wymaga skonfrontowania z pozosta\u0142ymi dowodami oraz zeznaniami innych os\u00f3b. Jedno jest ju\u017c jednak oficjalnie potwierdzone: w awanturze uczestniczy\u0142o trzech policjant\u00f3w, a pe\u0142ni\u0105cy obowi\u0105zki komendanta miejskiego w Jeleniej G\u00f3rze straci\u0142 stanowisko, zosta\u0142 zawieszony i obj\u0119ty post\u0119powaniem dyscyplinarnym.<\/p>\n","protected":false},"excerpt":{"rendered":"<p>Zacz\u0119\u0142o si\u0119 od sporu o to, kto ma prawo pierwszy podjecha\u0107 pod dystrybutor. Sko\u0144czy\u0142o na interwencji policyjnych kom\u00f3rek kontrolnych, post\u0119powaniu dyscyplinarnym i odwo\u0142aniu komendanta. G\u0142o\u015bna awantura na stacji paliw w Wa\u0142brzychu okaza\u0142a si\u0119 mie\u0107 znacznie powa\u017cniejszy wymiar, ni\u017c pocz\u0105tkowo mog\u0142o si\u0119 wydawa\u0107. Do zdarzenia dosz\u0142o w poniedzia\u0142ek wieczorem. Na stacji Auchan ustawi\u0142a si\u0119 d\u0142uga kolejka [&hellip;]<\/p>\n","protected":false},"author":3,"featured_media":2763,"comment_status":"closed","ping_status":"closed","sticky":false,"template":"","format":"standard","meta":{"jnews-multi-image_gallery":[],"jnews_single_post":{"format":"standard","override":[{"template":"1","parallax":"1","fullscreen":"1","layout":"double-sidebar","sidebar":"single-left","second_sidebar":"default-sidebar","sticky_sidebar":"1","share_position":"floatbottom","share_float_style":"share-normal","show_share_counter":"1","show_view_counter":"1","show_featured":"1","show_post_meta":"1","show_post_author":"1","show_post_author_image":"1","show_post_date":"1","post_date_format":"default","post_date_format_custom":"Y\/m\/d","show_post_reading_time":"1","post_reading_time_wpm":"250","post_calculate_word_method":"str_word_count","show_zoom_button":"1","zoom_button_out_step":"2","zoom_button_in_step":"3","show_post_tag":"1","show_popup_post":"1","show_comment_section":"1","number_popup_post":"1","show_author_box":"0","show_post_related":"1","show_inline_post_related":"1"}],"image_override":[{"single_post_thumbnail_size":"no-crop","single_post_gallery_size":"crop-715"}],"trending_post_position":"meta","trending_post_label":"Trending","sponsored_post_label":"Sponsored by","disable_ad":"0","subtitle":"Wyzwiska, szarpanina, uszkodzone lusterko, pi\u0119\u015bci i pa\u0142ka teleskopowa \u2013 tak zako\u0144czy\u0142 si\u0119 sp\u00f3r kierowc\u00f3w oczekuj\u0105cych na tankowanie na stacji Auchan w Wa\u0142brzychu. Powodem mia\u0142o by\u0107 miejsce w d\u0142ugiej kolejce przed zapowiadan\u0105 podwy\u017ck\u0105 cen paliw. Komenda Wojew\u00f3dzka Policji we Wroc\u0142awiu potwierdzi\u0142a, \u017ce w zdarzeniu uczestniczy\u0142o trzech funkcjonariuszy, w tym pe\u0142ni\u0105cy obowi\u0105zki komendanta miejskiego policji w Jeleniej G\u00f3rze. Funkcjonariusz zosta\u0142 odwo\u0142any ze stanowiska i zawieszony w czynno\u015bciach s\u0142u\u017cbowych. Spraw\u0105 zajmuje si\u0119 r\u00f3wnie\u017c prokuratura."},"jnews_primary_category":[],"jnews_social_meta":[],"jnews_override_counter":{"view_counter_number":"0","share_counter_number":"0","like_counter_number":"0","dislike_counter_number":"0"},"jnews_post_split":{"post_split":[{"template":"1","tag":"h2","numbering":"asc","mode":"normal","first":"0","enable_toc":"0","toc_type":"normal"}]},"footnotes":""},"categories":[1,35],"tags":[2213,2217,2215,400,335,2211,2212,2094,1287,2216,96,522,2214,1095],"coauthors":[77],"class_list":["post-2762","post","type-post","status-publish","format-standard","has-post-thumbnail","hentry","category-wiadomosci","category-region","tag-awantura-na-stacji-paliw","tag-biuro-spraw-wewnetrznych-policji","tag-bojka","tag-dolny-slask","tag-jelenia-gora","tag-komenda-wojewodzka-policji-we-wroclawiu","tag-komendant-policji","tag-kwp-wroclaw","tag-paliwo","tag-palka-teleskopowa","tag-policja","tag-prokuratura","tag-stacja-auchan","tag-walbrzych"],"_links":{"self":[{"href":"https:\/\/prawywroclaw.pl\/index.php\/wp-json\/wp\/v2\/posts\/2762","targetHints":{"allow":["GET"]}}],"collection":[{"href":"https:\/\/prawywroclaw.pl\/index.php\/wp-json\/wp\/v2\/posts"}],"about":[{"href":"https:\/\/prawywroclaw.pl\/index.php\/wp-json\/wp\/v2\/types\/post"}],"author":[{"embeddable":true,"href":"https:\/\/prawywroclaw.pl\/index.php\/wp-json\/wp\/v2\/users\/3"}],"replies":[{"embeddable":true,"href":"https:\/\/prawywroclaw.pl\/index.php\/wp-json\/wp\/v2\/comments?post=2762"}],"version-history":[{"count":2,"href":"https:\/\/prawywroclaw.pl\/index.php\/wp-json\/wp\/v2\/posts\/2762\/revisions"}],"predecessor-version":[{"id":2765,"href":"https:\/\/prawywroclaw.pl\/index.php\/wp-json\/wp\/v2\/posts\/2762\/revisions\/2765"}],"wp:featuredmedia":[{"embeddable":true,"href":"https:\/\/prawywroclaw.pl\/index.php\/wp-json\/wp\/v2\/media\/2763"}],"wp:attachment":[{"href":"https:\/\/prawywroclaw.pl\/index.php\/wp-json\/wp\/v2\/media?parent=2762"}],"wp:term":[{"taxonomy":"category","embeddable":true,"href":"https:\/\/prawywroclaw.pl\/index.php\/wp-json\/wp\/v2\/categories?post=2762"},{"taxonomy":"post_tag","embeddable":true,"href":"https:\/\/prawywroclaw.pl\/index.php\/wp-json\/wp\/v2\/tags?post=2762"},{"taxonomy":"author","embeddable":true,"href":"https:\/\/prawywroclaw.pl\/index.php\/wp-json\/wp\/v2\/coauthors?post=2762"}],"curies":[{"name":"wp","href":"https:\/\/api.w.org\/{rel}","templated":true}]}}