{"id":2772,"date":"2026-09-04T07:45:39","date_gmt":"2026-09-04T05:45:39","guid":{"rendered":"https:\/\/prawywroclaw.pl\/?p=2772"},"modified":"2026-09-04T07:45:39","modified_gmt":"2026-09-04T05:45:39","slug":"glosna-sprawa-z-klodzka-wraca-do-sadu-18-wrzesnia-apelacja-od-wyroku-25-lat-wiezienia","status":"publish","type":"post","link":"https:\/\/prawywroclaw.pl\/index.php\/2026\/09\/04\/glosna-sprawa-z-klodzka-wraca-do-sadu-18-wrzesnia-apelacja-od-wyroku-25-lat-wiezienia\/","title":{"rendered":"G\u0142o\u015bna sprawa z K\u0142odzka wraca do s\u0105du. 18 wrze\u015bnia apelacja od wyroku 25 lat wi\u0119zienia"},"content":{"rendered":"<p data-start=\"550\" data-end=\"796\"><strong>Jedna z najbardziej wstrz\u0105saj\u0105cych spraw prowadzonych w ostatnich latach przez \u015bwidnick\u0105 prokuratur\u0119 wraca na wokand\u0119. 18 wrze\u015bnia przed S\u0105dem Apelacyjnym we Wroc\u0142awiu rozpocznie si\u0119 post\u0119powanie odwo\u0142awcze dotycz\u0105ce Przemys\u0142awa L. z K\u0142odzka.<\/strong><\/p>\n<p data-start=\"798\" data-end=\"889\">Termin potwierdzi\u0142a rzeczniczka S\u0105du Apelacyjnego we Wroc\u0142awiu s\u0119dzia Ma\u0142gorzata Lamparska. 45-latek w marcu zosta\u0142 skazany przez S\u0105d Okr\u0119gowy w \u015awidnicy na 25 lat pozbawienia wolno\u015bci. Wyrok nie jest prawomocny. Apelacje z\u0142o\u017cy\u0142y zar\u00f3wno obrona oskar\u017conego, jak i prokuratura. Ze wzgl\u0119du na charakter zarzut\u00f3w post\u0119powanie przed s\u0105dem pierwszej instancji odbywa\u0142o si\u0119 z wy\u0142\u0105czeniem jawno\u015bci.<\/p>\n<p data-start=\"1246\" data-end=\"1448\">Przemys\u0142aw L. odpowiada\u0142 za szereg powa\u017cnych przest\u0119pstw, w tym gwa\u0142t, podawanie pokrzywdzonym substancji odurzaj\u0105cych, utrwalanie i posiadanie tre\u015bci pornograficznych oraz zn\u0119canie si\u0119 nad zwierz\u0119tami. Wed\u0142ug ustale\u0144 \u015bledczych przest\u0119pstwa seksualne dotyczy\u0142y r\u00f3wnie\u017c dzieci poni\u017cej 15. roku \u017cycia.<\/p>\n<p data-start=\"1552\" data-end=\"1804\">Gdy w 2023 roku informowano o zatrzymaniu m\u0119\u017cczyzny, Prokuratura Okr\u0119gowa w \u015awidnicy wskazywa\u0142a m.in. na trzy czyny o charakterze pedofilskim wobec dw\u00f3ch ma\u0142oletnich dziewcz\u0105t oraz gwa\u0142ty i doprowadzenie czterech kobiet do innych czynno\u015bci seksualnych. Czyny obj\u0119te nieprawomocnym wyrokiem mia\u0142y by\u0107 pope\u0142niane od 2011 do 2022 roku na terenie Polski i Szwecji.<\/p>\n<p data-start=\"1919\" data-end=\"2080\">Przemys\u0142aw L. zosta\u0142 zatrzymany w styczniu 2023 roku w Szwecji. Przy gromadzeniu materia\u0142u dowodowego polska prokuratura wsp\u00f3\u0142pracowa\u0142a ze \u015bledczymi z \u00d6stersund. S\u0105d Okr\u0119gowy w \u015awidnicy wymierzy\u0142 Przemys\u0142awowi L. kar\u0119 25 lat pozbawienia wolno\u015bci. Orzeczenie nie zako\u0144czy\u0142o jednak post\u0119powania.<\/p>\n<blockquote>\n<p data-start=\"2269\" data-end=\"2398\"><em data-start=\"2271\" data-end=\"2353\">Apelacj\u0119 od wyroku pierwszej instancji z\u0142o\u017cy\u0142a zar\u00f3wno obrona, jak i prokuratura<\/em><\/p>\n<\/blockquote>\n<p data-start=\"2269\" data-end=\"2398\">\u2013 poinformowa\u0142a s\u0119dzia Ma\u0142gorzata Lamparska.<\/p>\n<p data-start=\"2400\" data-end=\"2523\">Oznacza to, \u017ce wyrok zostanie poddany kontroli instancyjnej. 18 wrze\u015bnia spraw\u0105 zajmie si\u0119 S\u0105d Apelacyjny we Wroc\u0142awiu. Do czasu prawomocnego zako\u0144czenia post\u0119powania Przemys\u0142awa L. nale\u017cy traktowa\u0107 jako osob\u0119 nieprawomocnie skazan\u0105. Oddzielne post\u0119powanie dotyczy Kamili L., \u017cony Przemys\u0142awa L. W marcu S\u0105d Okr\u0119gowy w \u015awidnicy nieprawomocnie skaza\u0142 j\u0105 na 6,5 roku pozbawienia wolno\u015bci.<\/p>\n<p data-start=\"2869\" data-end=\"3218\">Kobieta odpowiada\u0142a m.in. za nieudzielenie pomocy osobie ma\u0142oletniej, kt\u00f3ra do\u015bwiadcza\u0142a przemocy seksualnej ze strony jej m\u0119\u017ca. Wed\u0142ug ustale\u0144 \u015bledczych sytuacja mia\u0142a trwa\u0107 od 2011 do 2022 roku. Ze wzgl\u0119du na dobro pokrzywdzonej prokuratura nie ujawnia bli\u017cszych informacji na jej temat poza tym, \u017ce chodzi o osob\u0119, kt\u00f3ra nie uko\u0144czy\u0142a 15 lat.<\/p>\n<p data-start=\"3220\" data-end=\"3357\">Kamila L. mia\u0142a by\u0107 r\u00f3wnie\u017c \u015bwiadkiem czyn\u00f3w o charakterze zoofilskim. W zwi\u0105zku z tym odpowiada\u0142a tak\u017ce za zn\u0119canie si\u0119 nad zwierz\u0119tami. Tak\u017ce od wyroku dotycz\u0105cego kobiety wniesiono apelacj\u0119. Sprawa wp\u0142yn\u0119\u0142a ju\u017c do S\u0105du Apelacyjnego we Wroc\u0142awiu, jednak termin jej rozpoznania nie zosta\u0142 jeszcze wyznaczony. Po wyroku pierwszej instancji sprawa zyska\u0142a r\u00f3wnie\u017c wymiar polityczny. W przestrzeni publicznej przypomniano, \u017ce Kamila L. by\u0142a wcze\u015bniej cz\u0142onkini\u0105 Platformy Obywatelskiej w K\u0142odzku.<\/p>\n<p data-start=\"3769\" data-end=\"4054\">Spraw\u0105 zajmowa\u0142 si\u0119 nast\u0119pnie Parlamentarny Zesp\u00f3\u0142 ds. Przeciwdzia\u0142ania Bezprawiu z\u0142o\u017cony z pos\u0142\u00f3w PiS. Politycy opozycji stawiali pytania dotycz\u0105ce m.in. tego, czy osoby ze \u015brodowiska politycznego kobiety posiada\u0142y wcze\u015bniej informacje o sytuacji i czy odpowiednio na nie zareagowa\u0142y.<\/p>\n<p data-start=\"4056\" data-end=\"4305\">Do zarzut\u00f3w odnosi\u0142 si\u0119 premier Donald Tusk. Ocenia\u0142, \u017ce polityczne wykorzystywanie sprawy dotycz\u0105cej pedofilii jest skandaliczne, zapewniaj\u0105c jednocze\u015bnie, \u017ce ka\u017cdy dopuszczaj\u0105cy si\u0119 seksualnego krzywdzenia dzieci powinien by\u0107 bezwzgl\u0119dnie \u015bcigany.<\/p>\n<p data-start=\"4307\" data-end=\"4533\">Sam fakt wcze\u015bniejszej dzia\u0142alno\u015bci politycznej Kamili L. nie stanowi dowodu, \u017ce inni dzia\u0142acze wiedzieli o przest\u0119pstwach lub je tuszowali. Ewentualne twierdzenia o wiedzy konkretnych os\u00f3b wymagaj\u0105 odr\u0119bnego udowodnienia.<\/p>\n<p data-start=\"4595\" data-end=\"4774\">Spraw\u0105 zainteresowa\u0142 si\u0119 r\u00f3wnie\u017c minister sprawiedliwo\u015bci i prokurator generalny Waldemar \u017burek. Na pocz\u0105tku kwietnia informowa\u0142, \u017ce analizuje dokumentacj\u0119 dotycz\u0105c\u0105 post\u0119powania. Zapowiada\u0142 zainteresowanie m.in. rol\u0105 Kamili L. oraz przyczynami wymierzenia jej kary znacznie ni\u017cszej od tej, kt\u00f3rej domaga\u0142a si\u0119 prokuratura. Minister okre\u015bla\u0142 jednocze\u015bnie okoliczno\u015bci sprawy jako wyj\u0105tkowo drastyczne.<\/p>\n<p data-start=\"4999\" data-end=\"5059\">Ostateczna ocena wyrok\u00f3w nale\u017cy jednak do s\u0105du odwo\u0142awczego. Najbli\u017cszym etapem jednej z najg\u0142o\u015bniejszych spraw kryminalnych ostatnich lat na Dolnym \u015al\u0105sku b\u0119dzie wi\u0119c rozprawa 18 wrze\u015bnia przed S\u0105dem Apelacyjnym we Wroc\u0142awiu.<\/p>\n<p data-start=\"5271\" data-end=\"5509\">W pierwszej kolejno\u015bci s\u0105d zajmie si\u0119 wyrokiem wobec Przemys\u0142awa L. \u2013 25 lat pozbawienia wolno\u015bci. Poniewa\u017c orzeczenie zakwestionowa\u0142y obie strony, przedmiotem post\u0119powania b\u0119d\u0105 zarzuty podnoszone zar\u00f3wno przez obron\u0119, jak i oskar\u017cyciela. Na osobny termin oczekuje natomiast apelacja w sprawie Kamili L., nieprawomocnie skazanej na 6,5 roku wi\u0119zienia.<\/p>\n","protected":false},"excerpt":{"rendered":"<p>Jedna z najbardziej wstrz\u0105saj\u0105cych spraw prowadzonych w ostatnich latach przez \u015bwidnick\u0105 prokuratur\u0119 wraca na wokand\u0119. 18 wrze\u015bnia przed S\u0105dem Apelacyjnym we Wroc\u0142awiu rozpocznie si\u0119 post\u0119powanie odwo\u0142awcze dotycz\u0105ce Przemys\u0142awa L. z K\u0142odzka. Termin potwierdzi\u0142a rzeczniczka S\u0105du Apelacyjnego we Wroc\u0142awiu s\u0119dzia Ma\u0142gorzata Lamparska. 45-latek w marcu zosta\u0142 skazany przez S\u0105d Okr\u0119gowy w \u015awidnicy na 25 lat pozbawienia [&hellip;]<\/p>\n","protected":false},"author":3,"featured_media":1383,"comment_status":"closed","ping_status":"closed","sticky":false,"template":"","format":"standard","meta":{"jnews-multi-image_gallery":[],"jnews_single_post":{"format":"standard","override":[{"template":"1","parallax":"1","fullscreen":"1","layout":"double-sidebar","sidebar":"single-left","second_sidebar":"default-sidebar","sticky_sidebar":"1","share_position":"floatbottom","share_float_style":"share-normal","show_share_counter":"1","show_view_counter":"1","show_featured":"1","show_post_meta":"1","show_post_author":"1","show_post_author_image":"1","show_post_date":"1","post_date_format":"default","post_date_format_custom":"Y\/m\/d","show_post_reading_time":"1","post_reading_time_wpm":"250","post_calculate_word_method":"str_word_count","show_zoom_button":"1","zoom_button_out_step":"2","zoom_button_in_step":"3","show_post_tag":"1","show_popup_post":"1","show_comment_section":"1","number_popup_post":"1","show_author_box":"0","show_post_related":"1","show_inline_post_related":"1"}],"image_override":[{"single_post_thumbnail_size":"no-crop","single_post_gallery_size":"crop-715"}],"trending_post_position":"meta","trending_post_label":"Trending","sponsored_post_label":"Sponsored by","disable_ad":"0","subtitle":"S\u0105d Apelacyjny we Wroc\u0142awiu zajmie si\u0119 spraw\u0105 45-letniego Przemys\u0142awa L., nieprawomocnie skazanego na 25 lat wi\u0119zienia za szereg przest\u0119pstw, w tym seksualnych wobec dzieci. Od wyroku S\u0105du Okr\u0119gowego w \u015awidnicy odwo\u0142a\u0142y si\u0119 obie strony \u2013 zar\u00f3wno prokuratura, jak i obrona. Osobno do wroc\u0142awskiego s\u0105du trafi\u0142a apelacja dotycz\u0105ca Kamili L., \u017cony m\u0119\u017cczyzny i by\u0142ej dzia\u0142aczki Platformy Obywatelskiej w K\u0142odzku, skazanej nieprawomocnie na 6,5 roku wi\u0119zienia."},"jnews_primary_category":[],"jnews_social_meta":[],"jnews_override_counter":{"view_counter_number":"0","share_counter_number":"0","like_counter_number":"0","dislike_counter_number":"0"},"jnews_post_split":{"post_split":[{"template":"1","tag":"h2","numbering":"asc","mode":"normal","first":"0","enable_toc":"0","toc_type":"normal"}]},"footnotes":""},"categories":[1,35,34],"tags":[885,400,43,549,45,46,551,2219,550,884,2031,2218,1674,85],"coauthors":[77],"class_list":["post-2772","post","type-post","status-publish","format-standard","has-post-thumbnail","hentry","category-wiadomosci","category-region","category-wroclaw","tag-apelacja","tag-dolny-slask","tag-hot-news","tag-kamila-l","tag-klodzko","tag-pedofilia","tag-platforma-obywatelska","tag-prokuratura-okregowa-w-swidnicy","tag-przemyslaw-l","tag-przestepstwa-seksualne","tag-sad-apelacyjny-we-wroclawiu","tag-sad-okregowy-w-swidnicy","tag-waldemar-zurek","tag-wroclaw"],"_links":{"self":[{"href":"https:\/\/prawywroclaw.pl\/index.php\/wp-json\/wp\/v2\/posts\/2772","targetHints":{"allow":["GET"]}}],"collection":[{"href":"https:\/\/prawywroclaw.pl\/index.php\/wp-json\/wp\/v2\/posts"}],"about":[{"href":"https:\/\/prawywroclaw.pl\/index.php\/wp-json\/wp\/v2\/types\/post"}],"author":[{"embeddable":true,"href":"https:\/\/prawywroclaw.pl\/index.php\/wp-json\/wp\/v2\/users\/3"}],"replies":[{"embeddable":true,"href":"https:\/\/prawywroclaw.pl\/index.php\/wp-json\/wp\/v2\/comments?post=2772"}],"version-history":[{"count":2,"href":"https:\/\/prawywroclaw.pl\/index.php\/wp-json\/wp\/v2\/posts\/2772\/revisions"}],"predecessor-version":[{"id":2774,"href":"https:\/\/prawywroclaw.pl\/index.php\/wp-json\/wp\/v2\/posts\/2772\/revisions\/2774"}],"wp:featuredmedia":[{"embeddable":true,"href":"https:\/\/prawywroclaw.pl\/index.php\/wp-json\/wp\/v2\/media\/1383"}],"wp:attachment":[{"href":"https:\/\/prawywroclaw.pl\/index.php\/wp-json\/wp\/v2\/media?parent=2772"}],"wp:term":[{"taxonomy":"category","embeddable":true,"href":"https:\/\/prawywroclaw.pl\/index.php\/wp-json\/wp\/v2\/categories?post=2772"},{"taxonomy":"post_tag","embeddable":true,"href":"https:\/\/prawywroclaw.pl\/index.php\/wp-json\/wp\/v2\/tags?post=2772"},{"taxonomy":"author","embeddable":true,"href":"https:\/\/prawywroclaw.pl\/index.php\/wp-json\/wp\/v2\/coauthors?post=2772"}],"curies":[{"name":"wp","href":"https:\/\/api.w.org\/{rel}","templated":true}]}}