{"id":2775,"date":"2026-09-04T07:48:46","date_gmt":"2026-09-04T05:48:46","guid":{"rendered":"https:\/\/prawywroclaw.pl\/?p=2775"},"modified":"2026-09-04T07:48:46","modified_gmt":"2026-09-04T05:48:46","slug":"bobr-zamkniety-przedsiebiorcy-licza-straty-jesli-chodzi-o-kajaki-to-zamykam-interes","status":"publish","type":"post","link":"https:\/\/prawywroclaw.pl\/index.php\/2026\/09\/04\/bobr-zamkniety-przedsiebiorcy-licza-straty-jesli-chodzi-o-kajaki-to-zamykam-interes\/","title":{"rendered":"B\u00f3br zamkni\u0119ty, przedsi\u0119biorcy licz\u0105 straty. \u201eJe\u015bli chodzi o kajaki, to zamykam interes\u201d"},"content":{"rendered":"<div class=\"qMYqUG_convSearchResultHighlightRoot\">\n<div class=\"\" data-turn-id-container=\"request-69d75fc5-6f50-8389-bd2a-784d4f4a6f13-1\" data-is-intersecting=\"true\">\n<section class=\"text-token-text-primary w-full focus:outline-none has-data-writing-block:pointer-events-none [&amp;:has([data-writing-block])&gt;*]:pointer-events-auto R6Vx5W_threadScrollVars scroll-mb-[calc(var(--scroll-root-safe-area-inset-bottom,0px)+var(--thread-response-height))] scroll-mt-[calc(var(--header-height)+min(200px,max(70px,20svh)))]\" dir=\"auto\" data-turn-id=\"request-69d75fc5-6f50-8389-bd2a-784d4f4a6f13-1\" data-turn-id-container=\"request-69d75fc5-6f50-8389-bd2a-784d4f4a6f13-1\" data-testid=\"conversation-turn-14\" data-turn=\"assistant\">\n<div class=\"text-base my-auto mx-auto pb-8 [--thread-content-margin:var(--thread-content-margin-xs,calc(var(--spacing)*4))] @w-sm\/main:[--thread-content-margin:var(--thread-content-margin-sm,calc(var(--spacing)*6))] @w-lg\/main:[--thread-content-margin:var(--thread-content-margin-lg,calc(var(--spacing)*16))] px-(--thread-content-margin)\">\n<div class=\"[--thread-content-max-width:40rem] @w-lg\/main:[--thread-content-max-width:48rem] mx-auto max-w-(--thread-content-max-width) flex-1 group\/turn-messages focus-visible:outline-hidden relative flex w-full min-w-0 flex-col agent-turn\" data-conversation-screenshot-content=\"\">\n<div class=\"flex max-w-full flex-col gap-4 grow\">\n<div class=\"min-h-8 text-message relative flex w-full flex-col items-end gap-2 text-start break-words whitespace-normal outline-none keyboard-focused:focus-ring [.text-message+&amp;]:mt-1\" dir=\"auto\" tabindex=\"0\" data-message-author-role=\"assistant\" data-message-id=\"eb7b3945-b7dd-457c-88c3-77c141dfd95c\" data-message-model-slug=\"gpt-5-6\" data-turn-start-message=\"true\">\n<div class=\"flex w-full flex-col gap-1 empty:hidden\">\n<div class=\"fbskMG_root markdown prose dark:prose-invert wrap-break-word w-full dark markdown-new-styling\">\n<p data-start=\"595\" data-end=\"963\"><strong data-start=\"595\" data-end=\"963\">Sezon turystyczny praktycznie stracony, klient\u00f3w brakuje, a oko\u0142o 60 przedsi\u0119biorc\u00f3w z Doliny Bobru nadal czeka na jednoznaczn\u0105 decyzj\u0119 w\u0142adz. Mijaj\u0105 dwa miesi\u0105ce od wprowadzenia ogranicze\u0144 dotycz\u0105cych korzystania z rzeki, tymczasem wci\u0105\u017c nie ma terminu zako\u0144czenia kluczowych analiz. Dla cz\u0119\u015bci lokalnych firm dalsze oczekiwanie mo\u017ce oznacza\u0107 koniec dzia\u0142alno\u015bci.<\/strong><\/p>\n<p data-start=\"965\" data-end=\"1182\">Problem dotyczy oko\u0142o 30-kilometrowego odcinka Bobru poni\u017cej zapory Pilchowickiej. Ograniczenia szczeg\u00f3lnie mocno uderzy\u0142y w wypo\u017cyczalnie kajak\u00f3w, organizator\u00f3w sp\u0142yw\u00f3w, pola namiotowe i gospodarstwa agroturystyczne. Mieczys\u0142aw Wr\u00f3bel, kt\u00f3ry organizuje sp\u0142ywy kajakowe od blisko 20 lat, szacuje, \u017ce skala jego dzia\u0142alno\u015bci zmniejszy\u0142a si\u0119 o oko\u0142o 90 procent.<\/p>\n<p data-start=\"1369\" data-end=\"1597\">Przedsi\u0119biorca pr\u00f3bowa\u0142 ratowa\u0107 firm\u0119, przenosz\u0105c cz\u0119\u015b\u0107 aktywno\u015bci na Wrzeszczyn. Nie rozwi\u0105za\u0142o to jednak problemu, poniewa\u017c \u2013 jak wskazuje \u2013 p\u0142ywanie po zamkni\u0119tym akwenie nie jest dla turyst\u00f3w tak atrakcyjne jak sp\u0142yw Bobrem.<\/p>\n<blockquote>\n<p data-start=\"1599\" data-end=\"1879\"><em data-start=\"1601\" data-end=\"1856\">W liczbie przyk\u0142adowo oko\u0142o dziewi\u0119\u0107dziesi\u0105t procent mniej, bo przenie\u015bli\u015bmy si\u0119 na Wrzeszczyn, co niewielu ludziom odpowiada \u2013 p\u0142ywanie po akwenie zamkni\u0119tym. Wi\u0119c tam, co ju\u017c s\u0105 zmuszeni, co chc\u0105 cokolwiek, to przyje\u017cd\u017caj\u0105, ale to nie jest satysfakcja<\/em><\/p>\n<\/blockquote>\n<p data-start=\"1599\" data-end=\"1879\">\u2013 m\u00f3wi przedsi\u0119biorca.<\/p>\n<p data-start=\"1881\" data-end=\"2017\">Dwa miesi\u0105ce obowi\u0105zywania ogranicze\u0144 oznaczaj\u0105 w praktyce utrat\u0119 znacznej cz\u0119\u015bci najwa\u017cniejszego dla bran\u017cy turystycznej okresu w roku.<\/p>\n<p data-start=\"2042\" data-end=\"2176\">Jeszcze bardziej dramatycznie swoj\u0105 sytuacj\u0119 opisuje Cezary Miklas, w\u0142a\u015bciciel najstarszej dzia\u0142aj\u0105cej wypo\u017cyczalni kajak\u00f3w na Bobrze. W jego przypadku problem nie ko\u0144czy si\u0119 na samych kajakach. Brak mo\u017cliwo\u015bci korzystania z rzeki odbija si\u0119 r\u00f3wnie\u017c na polu namiotowym oraz agroturystyce.<\/p>\n<blockquote>\n<p data-start=\"2333\" data-end=\"2580\"><em data-start=\"2335\" data-end=\"2567\">Dla mnie, je\u017celi chodzi o kajaki, to zamykam interes. Pole namiotowe tak samo, bo nikt nie przyjedzie, je\u015bli nie mo\u017ce pop\u0142ywa\u0107. Mam te\u017c agroturystyk\u0119 i tam r\u00f3wnie\u017c wida\u0107 wyra\u017any spadek. W tym momencie my\u015bl\u0119 ju\u017c nad innym interesem<\/em><\/p>\n<\/blockquote>\n<p data-start=\"2333\" data-end=\"2580\">\u2013 przyznaje.<\/p>\n<p data-start=\"2582\" data-end=\"2863\">To pokazuje efekt domina, jaki wywo\u0142uj\u0105 ograniczenia. B\u00f3br jest jednym z g\u0142\u00f3wnych magnes\u00f3w przyci\u0105gaj\u0105cych turyst\u00f3w w ten rejon. Je\u015bli znika mo\u017cliwo\u015b\u0107 korzystania z rzeki, klient\u00f3w trac\u0105 nie tylko organizatorzy sp\u0142yw\u00f3w, ale r\u00f3wnie\u017c inne firmy utrzymuj\u0105ce si\u0119 z ruchu turystycznego.<\/p>\n<p data-start=\"2932\" data-end=\"3034\">Kluczowe znaczenie dla dalszych los\u00f3w ogranicze\u0144 maj\u0105 badania osad\u00f3w dennych z Jeziora Pilchowickiego. Wyniki s\u0105 ju\u017c znane i potwierdzi\u0142y silne zanieczyszczenie osad\u00f3w. Nie oznacza to jednak automatycznie odpowiedzi na pytanie, jakie ryzyko stwarzaj\u0105 one dla os\u00f3b korzystaj\u0105cych z rzeki.<\/p>\n<p data-start=\"3226\" data-end=\"3409\">Wyniki przekazano kolejnym specjalistom, kt\u00f3rzy maj\u0105 oceni\u0107 mo\u017cliwy wp\u0142yw zanieczyszcze\u0144 na zdrowie ludzi i zwierz\u0105t. Problem w tym, \u017ce nie podano terminu zako\u0144czenia tych analiz. Dopiero na ich podstawie maj\u0105 zapa\u015b\u0107 decyzje dotycz\u0105ce utrzymania, zmiany lub zniesienia obowi\u0105zuj\u0105cych ogranicze\u0144.<\/p>\n<p data-start=\"3561\" data-end=\"3646\">Wojewoda dolno\u015bl\u0105ska Anna \u017babska uzale\u017cnia dalsze decyzje od stanowiska specjalist\u00f3w.<\/p>\n<blockquote>\n<p data-start=\"3648\" data-end=\"3956\"><em data-start=\"3650\" data-end=\"3944\">Je\u015bli tylko b\u0119d\u0119 mie\u0107 potwierdzenie od ekspert\u00f3w, od specjalist\u00f3w w tej materii, st\u0105d te\u017c moje zapytania bezpo\u015brednio do ekspert\u00f3w w tych dziedzinach, by mie\u0107 pe\u0142n\u0105 \u015bwiadomo\u015b\u0107, czy ewentualna modyfikacja i zmiana, czy te\u017c utrzymanie, jest podyktowana trosk\u0105 o zdrowie i \u017cycie ludzi i zwierz\u0105t<\/em><\/p>\n<\/blockquote>\n<p data-start=\"3648\" data-end=\"3956\">\u2013 wyja\u015bnia.<\/p>\n<p data-start=\"3958\" data-end=\"4189\">Ostro\u017cno\u015b\u0107 w przypadku potencjalnego zagro\u017cenia dla zdrowia jest zrozumia\u0142a. Z punktu widzenia przedsi\u0119biorc\u00f3w coraz wi\u0119kszym problemem staje si\u0119 jednak brak konkretnego terminu, w kt\u00f3rym mogliby spodziewa\u0107 si\u0119 rozstrzygni\u0119cia.<\/p>\n<p data-start=\"4191\" data-end=\"4300\">Firmy nie wiedz\u0105, czy przygotowywa\u0107 si\u0119 do wznowienia dzia\u0142alno\u015bci, czy uzna\u0107 sezon za definitywnie stracony. Wed\u0142ug przekazanych informacji skutki sytuacji odczuwa oko\u0142o 60 przedsi\u0119biorc\u00f3w dzia\u0142aj\u0105cych w Dolinie Bobru.<\/p>\n<p data-start=\"4450\" data-end=\"4692\">Dla cz\u0119\u015bci z nich rzeka jest podstaw\u0105 ca\u0142ego modelu biznesowego. Kolejne tygodnie ogranicze\u0144 oznaczaj\u0105 wi\u0119c nie tylko mniejsze bie\u017c\u0105ce wp\u0142ywy, lecz tak\u017ce ryzyko utraty klient\u00f3w, rezygnacji z inwestycji czy ostatecznie zamkni\u0119cia dzia\u0142alno\u015bci. Przedsi\u0119biorcy wskazuj\u0105 r\u00f3wnie\u017c na brak rekompensat za ponoszone straty.<\/p>\n<p data-start=\"4772\" data-end=\"5051\">Sytuacja staje si\u0119 szczeg\u00f3lnie trudna dlatego, \u017ce nie chodzi ju\u017c o kr\u00f3tkotrwa\u0142e, kilkudniowe ograniczenie. Min\u0119\u0142y dwa miesi\u0105ce, a lokalny biznes nadal nie otrzyma\u0142 odpowiedzi na najbardziej podstawowe pytanie: kiedy zapadnie decyzja dotycz\u0105ca przysz\u0142o\u015bci korzystania z Bobru?<\/p>\n<p data-start=\"5128\" data-end=\"5454\">Je\u017celi istnieje realne zagro\u017cenie dla zdrowia ludzi lub zwierz\u0105t, utrzymywanie ogranicze\u0144 jest uzasadnione do czasu jego rzetelnego wyja\u015bnienia. Nie zmienia to jednak odpowiedzialno\u015bci administracji za mo\u017cliwie sprawne przeprowadzenie bada\u0144 i przekazanie mieszka\u0144com oraz przedsi\u0119biorcom jasnego harmonogramu dalszych dzia\u0142a\u0144.<\/p>\n<p data-start=\"5456\" data-end=\"5597\">Po dw\u00f3ch miesi\u0105cach lokalne firmy nadal nie wiedz\u0105 nawet, kiedy mog\u0105 spodziewa\u0107 si\u0119 zako\u0144czenia analiz, od kt\u00f3rych zale\u017cy ich przysz\u0142o\u015b\u0107. Dla przedsi\u0119biorcy trac\u0105cego 90 proc. klient\u00f3w r\u00f3\u017cnica mi\u0119dzy kilkoma dniami a kolejnymi tygodniami oczekiwania mo\u017ce oznacza\u0107 r\u00f3\u017cnic\u0119 mi\u0119dzy przetrwaniem a likwidacj\u0105 dzia\u0142alno\u015bci.<\/p>\n<p data-start=\"5781\" data-end=\"5863\">Przypadek Cezarego Miklasa pokazuje, \u017ce dla niekt\u00f3rych cierpliwo\u015b\u0107 ju\u017c si\u0119 ko\u0144czy.<\/p>\n<blockquote>\n<p data-start=\"5865\" data-end=\"5934\"><span data-start=\"5867\" data-end=\"5911\">J<\/span><em data-start=\"5867\" data-end=\"5911\">e\u017celi chodzi o kajaki, to zamykam interes<\/em><\/p>\n<\/blockquote>\n<p data-start=\"5865\" data-end=\"5934\">\u2013 m\u00f3wi przedsi\u0119biorca.<\/p>\n<p data-start=\"5936\" data-end=\"6024\">I w\u0142a\u015bnie te s\u0142owa najdobitniej pokazuj\u0105 cen\u0119 przed\u0142u\u017caj\u0105cej si\u0119 niepewno\u015bci nad Bobrem.<\/p>\n<\/div>\n<\/div>\n<\/div>\n<\/div>\n<\/div>\n<\/div>\n<\/section>\n<\/div>\n<\/div>\n","protected":false},"excerpt":{"rendered":"<p>Sezon turystyczny praktycznie stracony, klient\u00f3w brakuje, a oko\u0142o 60 przedsi\u0119biorc\u00f3w z Doliny Bobru nadal czeka na jednoznaczn\u0105 decyzj\u0119 w\u0142adz. Mijaj\u0105 dwa miesi\u0105ce od wprowadzenia ogranicze\u0144 dotycz\u0105cych korzystania z rzeki, tymczasem wci\u0105\u017c nie ma terminu zako\u0144czenia kluczowych analiz. Dla cz\u0119\u015bci lokalnych firm dalsze oczekiwanie mo\u017ce oznacza\u0107 koniec dzia\u0142alno\u015bci. Problem dotyczy oko\u0142o 30-kilometrowego odcinka Bobru poni\u017cej zapory [&hellip;]<\/p>\n","protected":false},"author":3,"featured_media":1973,"comment_status":"closed","ping_status":"closed","sticky":false,"template":"","format":"standard","meta":{"jnews-multi-image_gallery":[],"jnews_single_post":{"format":"standard","override":[{"template":"1","parallax":"1","fullscreen":"1","layout":"double-sidebar","sidebar":"single-left","second_sidebar":"default-sidebar","sticky_sidebar":"1","share_position":"floatbottom","share_float_style":"share-normal","show_share_counter":"1","show_view_counter":"1","show_featured":"1","show_post_meta":"1","show_post_author":"1","show_post_author_image":"1","show_post_date":"1","post_date_format":"default","post_date_format_custom":"Y\/m\/d","show_post_reading_time":"1","post_reading_time_wpm":"250","post_calculate_word_method":"str_word_count","show_zoom_button":"1","zoom_button_out_step":"2","zoom_button_in_step":"3","show_post_tag":"1","show_popup_post":"1","show_comment_section":"1","number_popup_post":"1","show_author_box":"0","show_post_related":"1","show_inline_post_related":"1"}],"image_override":[{"single_post_thumbnail_size":"no-crop","single_post_gallery_size":"crop-715"}],"trending_post_position":"meta","trending_post_label":"Trending","sponsored_post_label":"Sponsored by","disable_ad":"0","subtitle":"Od dw\u00f3ch miesi\u0119cy obowi\u0105zuj\u0105 ograniczenia w korzystaniu z Bobru poni\u017cej zapory Pilchowickiej. Dla przedsi\u0119biorc\u00f3w \u017cyj\u0105cych z turystyki oznacza to drastyczny spadek liczby klient\u00f3w, a w niekt\u00f3rych przypadkach gro\u017ab\u0119 ca\u0142kowitego zamkni\u0119cia dzia\u0142alno\u015bci. Badania osad\u00f3w z Jeziora Pilchowickiego potwierdzi\u0142y silne zanieczyszczenie, ale wci\u0105\u017c nie wiadomo, kiedy zako\u0144czy si\u0119 ekspercka ocena zagro\u017cenia dla ludzi i zwierz\u0105t. Bez niej wojewoda dolno\u015bl\u0105ska nie zamierza zmienia\u0107 obowi\u0105zuj\u0105cych ogranicze\u0144."},"jnews_primary_category":[],"jnews_social_meta":[],"jnews_override_counter":{"view_counter_number":"0","share_counter_number":"0","like_counter_number":"0","dislike_counter_number":"0"},"jnews_post_split":{"post_split":[{"template":"1","tag":"h2","numbering":"asc","mode":"normal","first":"0","enable_toc":"0","toc_type":"normal"}]},"footnotes":""},"categories":[34,35,1],"tags":[761,2224,1501,1860,400,1499,2220,1537,692,2225,2221,203,2226,2222,1573,2223],"coauthors":[77],"class_list":["post-2775","post","type-post","status-publish","format-standard","has-post-thumbnail","hentry","category-wroclaw","category-region","category-wiadomosci","tag-anna-zabska","tag-badania-osadow","tag-bobr","tag-dolina-bobru","tag-dolny-slask","tag-jezioro-pilchowickie","tag-kajaki","tag-pilchowice","tag-przedsiebiorcy","tag-przedsiebiorcy-dolny-slask","tag-splywy-kajakowe","tag-turystyka","tag-turystyka-dolny-slask","tag-wojewoda-dolnoslaska","tag-zakaz-korzystania-z-bobru","tag-zanieczyszczenie-bobru"],"_links":{"self":[{"href":"https:\/\/prawywroclaw.pl\/index.php\/wp-json\/wp\/v2\/posts\/2775","targetHints":{"allow":["GET"]}}],"collection":[{"href":"https:\/\/prawywroclaw.pl\/index.php\/wp-json\/wp\/v2\/posts"}],"about":[{"href":"https:\/\/prawywroclaw.pl\/index.php\/wp-json\/wp\/v2\/types\/post"}],"author":[{"embeddable":true,"href":"https:\/\/prawywroclaw.pl\/index.php\/wp-json\/wp\/v2\/users\/3"}],"replies":[{"embeddable":true,"href":"https:\/\/prawywroclaw.pl\/index.php\/wp-json\/wp\/v2\/comments?post=2775"}],"version-history":[{"count":2,"href":"https:\/\/prawywroclaw.pl\/index.php\/wp-json\/wp\/v2\/posts\/2775\/revisions"}],"predecessor-version":[{"id":2777,"href":"https:\/\/prawywroclaw.pl\/index.php\/wp-json\/wp\/v2\/posts\/2775\/revisions\/2777"}],"wp:featuredmedia":[{"embeddable":true,"href":"https:\/\/prawywroclaw.pl\/index.php\/wp-json\/wp\/v2\/media\/1973"}],"wp:attachment":[{"href":"https:\/\/prawywroclaw.pl\/index.php\/wp-json\/wp\/v2\/media?parent=2775"}],"wp:term":[{"taxonomy":"category","embeddable":true,"href":"https:\/\/prawywroclaw.pl\/index.php\/wp-json\/wp\/v2\/categories?post=2775"},{"taxonomy":"post_tag","embeddable":true,"href":"https:\/\/prawywroclaw.pl\/index.php\/wp-json\/wp\/v2\/tags?post=2775"},{"taxonomy":"author","embeddable":true,"href":"https:\/\/prawywroclaw.pl\/index.php\/wp-json\/wp\/v2\/coauthors?post=2775"}],"curies":[{"name":"wp","href":"https:\/\/api.w.org\/{rel}","templated":true}]}}