{"id":2786,"date":"2026-09-05T13:44:51","date_gmt":"2026-09-05T11:44:51","guid":{"rendered":"https:\/\/prawywroclaw.pl\/?p=2786"},"modified":"2026-09-05T13:44:51","modified_gmt":"2026-09-05T11:44:51","slug":"patriotyczne-srodowiska-dolnego-slaska-spotkaly-sie-w-pielgrzymce-w-sprawach-fundamentalnych-musimy-byc-razem","status":"publish","type":"post","link":"https:\/\/prawywroclaw.pl\/index.php\/2026\/09\/05\/patriotyczne-srodowiska-dolnego-slaska-spotkaly-sie-w-pielgrzymce-w-sprawach-fundamentalnych-musimy-byc-razem\/","title":{"rendered":"Patriotyczne \u015brodowiska Dolnego \u015al\u0105ska spotka\u0142y si\u0119 w Pielgrzymce. \u201eW sprawach fundamentalnych musimy by\u0107 razem\u201d"},"content":{"rendered":"<p data-start=\"929\" data-end=\"1308\"><strong>W dolno\u015bl\u0105skiej miejscowo\u015bci Pielgrzymka spotka\u0142y si\u0119 \u015brodowiska patriotyczne i konserwatywne z ca\u0142ego regionu. W\u015br\u00f3d uczestnik\u00f3w znale\u017ali si\u0119 przedstawiciele r\u00f3\u017cnych organizacji i inicjatyw \u2013 zar\u00f3wno oddolnych i spo\u0142ecznych, jak r\u00f3wnie\u017c \u015brodowisk bezpo\u015brednio zaanga\u017cowanych w dzia\u0142alno\u015b\u0107 polityczn\u0105. Obecni s\u0105 m.in. cz\u0142onkowie Klub\u00f3w \u201eGazety Polskiej\u201d oraz Ruchu Obrony Granic.<\/strong><\/p>\n<p data-start=\"1310\" data-end=\"1662\">To pierwsza tego rodzaju inicjatywa organizowana na Dolnym \u015al\u0105sku. Jej za\u0142o\u017ceniem jest stworzenie przestrzeni, w kt\u00f3rej r\u00f3\u017cne cz\u0119\u015bci szeroko rozumianego \u015brodowiska konserwatywnego i patriotycznego mog\u0105 nie tylko przedstawi\u0107 w\u0142asne stanowiska, ale r\u00f3wnie\u017c szuka\u0107 wsp\u00f3lnego mianownika w sprawach uznawanych przez uczestnik\u00f3w za fundamentalne dla pa\u0144stwa.<\/p>\n<p data-start=\"1699\" data-end=\"2098\">Program dwudniowego konwentu obejmuje szereg paneli po\u015bwi\u0119conych aktualnym problemom spo\u0142ecznym, gospodarczym i politycznym. Jednym z g\u0142\u00f3wnych temat\u00f3w jest polityka migracyjna i zwi\u0105zane z ni\u0105 wyzwania dla bezpiecze\u0144stwa pa\u0144stwa. Uczestnicy rozmawiaj\u0105 r\u00f3wnie\u017c o konsekwencjach unijnej polityki klimatycznej, w tym systemu ETS, oraz jej wp\u0142ywie na ceny energii, gospodark\u0119 i sytuacj\u0119 polskich rodzin.<\/p>\n<p data-start=\"2100\" data-end=\"2484\">Osobny blok dyskusji po\u015bwi\u0119cono rolnictwu i bezpiecze\u0144stwu \u017cywno\u015bciowemu. W tym kontek\u015bcie pojawia si\u0119 przede wszystkim umowa handlowa Unii Europejskiej z pa\u0144stwami Mercosuru. Jej krytycy wskazuj\u0105 na ryzyko zwi\u0119kszenia konkurencji ze strony produkt\u00f3w rolnych wytwarzanych wed\u0142ug innych standard\u00f3w i na potencjalne konsekwencje dla europejskich, w tym polskich, gospodarstw rodzinnych.<\/p>\n<p data-start=\"2486\" data-end=\"2983\">W Pielgrzymce poruszane s\u0105 r\u00f3wnie\u017c kwestie zwi\u0105zane z prawem i s\u0105downictwem oraz przysz\u0142ymi wyborami. Jeden z paneli dotyczy spo\u0142ecznej kontroli procesu wyborczego \u2013 prawnych i organizacyjnych mo\u017cliwo\u015bci anga\u017cowania obywateli w prac\u0119 komisji i obserwacj\u0119 g\u0142osowania. Jak podkre\u015blaj\u0105 uczestnicy, niezale\u017cnie od politycznych preferencji podstawow\u0105 zasad\u0105 powinno pozostawa\u0107 zagwarantowanie, \u017ce ka\u017cdy obywatel oddaje jeden g\u0142os, a wynik wybor\u00f3w nie pozostawia w\u0105tpliwo\u015bci co do rzetelno\u015bci procedury.<\/p>\n<p data-start=\"3020\" data-end=\"3500\">Organizatorzy podkre\u015blaj\u0105 jednak, \u017ce r\u00f3wnie wa\u017cny jak sam program paneli jest integracyjny charakter konwentu. Dolno\u015bl\u0105ska prawica i \u015brodowiska patriotyczne tworz\u0105 szerokie i niejednorodne zaplecze \u2013 od lokalnych stowarzysze\u0144 i inicjatyw obywatelskich, przez organizacje spo\u0142eczne, po osoby zwi\u0105zane z partiami politycznymi. Spotkanie w Pielgrzymce ma umo\u017cliwi\u0107 im bezpo\u015bredni kontakt i wypracowywanie wsp\u00f3\u0142pracy tam, gdzie mimo istniej\u0105cych r\u00f3\u017cnic mo\u017cliwe jest wsp\u00f3lne dzia\u0142anie.<\/p>\n<p data-start=\"3502\" data-end=\"3855\">W\u0142a\u015bnie ta formu\u0142a mo\u017ce okaza\u0107 si\u0119 najwi\u0119ksz\u0105 warto\u015bci\u0105 pierwszego konwentu. Zamiast oczekiwa\u0107 pe\u0142nej zgodno\u015bci we wszystkich sprawach, jego uczestnicy chc\u0105 koncentrowa\u0107 si\u0119 na kwestiach, kt\u00f3re ich \u0142\u0105cz\u0105: suwerenno\u015bci pa\u0144stwa, bezpiecze\u0144stwie granic, przysz\u0142o\u015bci polskiego rolnictwa, kosztach polityki klimatycznej czy przejrzysto\u015bci procesu wyborczego.<\/p>\n<p data-start=\"3857\" data-end=\"4235\">Dwudniowe spotkanie w Pielgrzymce jest wi\u0119c nie tylko seri\u0105 debat o bie\u017c\u0105cych problemach. Ma by\u0107 tak\u017ce pocz\u0105tkiem budowania sieci wsp\u00f3\u0142pracy pomi\u0119dzy \u015brodowiskami, kt\u00f3re dotychczas cz\u0119sto dzia\u0142a\u0142y r\u00f3wnolegle. Je\u017celi ta wsp\u00f3\u0142praca przetrwa poza samym konwentem, Pielgrzymka mo\u017ce sta\u0107 si\u0119 pocz\u0105tkiem trwa\u0142ej integracji dolno\u015bl\u0105skich \u015brodowisk konserwatywnych i patriotycznych.<\/p>\n","protected":false},"excerpt":{"rendered":"<p>W dolno\u015bl\u0105skiej miejscowo\u015bci Pielgrzymka spotka\u0142y si\u0119 \u015brodowiska patriotyczne i konserwatywne z ca\u0142ego regionu. W\u015br\u00f3d uczestnik\u00f3w znale\u017ali si\u0119 przedstawiciele r\u00f3\u017cnych organizacji i inicjatyw \u2013 zar\u00f3wno oddolnych i spo\u0142ecznych, jak r\u00f3wnie\u017c \u015brodowisk bezpo\u015brednio zaanga\u017cowanych w dzia\u0142alno\u015b\u0107 polityczn\u0105. Obecni s\u0105 m.in. cz\u0142onkowie Klub\u00f3w \u201eGazety Polskiej\u201d oraz Ruchu Obrony Granic. To pierwsza tego rodzaju inicjatywa organizowana na Dolnym \u015al\u0105sku. [&hellip;]<\/p>\n","protected":false},"author":3,"featured_media":2787,"comment_status":"closed","ping_status":"closed","sticky":false,"template":"","format":"standard","meta":{"jnews-multi-image_gallery":[],"jnews_single_post":{"format":"standard","override":[{"template":"1","parallax":"1","fullscreen":"1","layout":"double-sidebar","sidebar":"single-left","second_sidebar":"default-sidebar","sticky_sidebar":"1","share_position":"floatbottom","share_float_style":"share-normal","show_share_counter":"1","show_view_counter":"1","show_featured":"1","show_post_meta":"1","show_post_author":"1","show_post_author_image":"1","show_post_date":"1","post_date_format":"default","post_date_format_custom":"Y\/m\/d","show_post_reading_time":"1","post_reading_time_wpm":"250","post_calculate_word_method":"str_word_count","show_zoom_button":"1","zoom_button_out_step":"2","zoom_button_in_step":"3","show_post_tag":"1","show_popup_post":"1","show_comment_section":"1","number_popup_post":"1","show_author_box":"0","show_post_related":"1","show_inline_post_related":"1"}],"image_override":[{"single_post_thumbnail_size":"no-crop","single_post_gallery_size":"crop-715"}],"trending_post_position":"meta","trending_post_label":"Trending","sponsored_post_label":"Sponsored by","disable_ad":"0","subtitle":"Przedstawiciele organizacji spo\u0142ecznych, inicjatyw obywatelskich oraz \u015brodowisk politycznych spotkali si\u0119 w Pielgrzymce na pierwszym Dolno\u015bl\u0105skim Konwencie \u015arodowisk Konserwatywno-Patriotycznych. Dwudniowe wydarzenie ma by\u0107 nie tylko okazj\u0105 do dyskusji o migracji, polityce klimatycznej, bezpiecze\u0144stwie \u017cywno\u015bciowym czy uczciwo\u015bci wybor\u00f3w, ale przede wszystkim pr\u00f3b\u0105 budowania trwa\u0142ej wsp\u00f3\u0142pracy ponad organizacyjnymi podzia\u0142ami."},"jnews_primary_category":[],"jnews_social_meta":[],"jnews_override_counter":{"view_counter_number":"0","share_counter_number":"0","like_counter_number":"0","dislike_counter_number":"0"},"jnews_post_split":{"post_split":[{"template":"1","tag":"h2","numbering":"asc","mode":"normal","first":"0","enable_toc":"0","toc_type":"normal"}]},"footnotes":""},"categories":[1,35],"tags":[2238,400,2082,43,2237,2081,95,1867,299,131,2236,2080,969],"coauthors":[77],"class_list":["post-2786","post","type-post","status-publish","format-standard","has-post-thumbnail","hentry","category-wiadomosci","category-region","tag-bezpieczenstwo-zywnosciowe","tag-dolny-slask","tag-ets","tag-hot-news","tag-kluby-gazety-polskiej","tag-mercosur","tag-migracja","tag-pielgrzymka","tag-rolnictwo","tag-ruch-obrony-granic","tag-srodowiska-konserwatywne","tag-srodowiska-patriotyczne","tag-wybory"],"_links":{"self":[{"href":"https:\/\/prawywroclaw.pl\/index.php\/wp-json\/wp\/v2\/posts\/2786","targetHints":{"allow":["GET"]}}],"collection":[{"href":"https:\/\/prawywroclaw.pl\/index.php\/wp-json\/wp\/v2\/posts"}],"about":[{"href":"https:\/\/prawywroclaw.pl\/index.php\/wp-json\/wp\/v2\/types\/post"}],"author":[{"embeddable":true,"href":"https:\/\/prawywroclaw.pl\/index.php\/wp-json\/wp\/v2\/users\/3"}],"replies":[{"embeddable":true,"href":"https:\/\/prawywroclaw.pl\/index.php\/wp-json\/wp\/v2\/comments?post=2786"}],"version-history":[{"count":3,"href":"https:\/\/prawywroclaw.pl\/index.php\/wp-json\/wp\/v2\/posts\/2786\/revisions"}],"predecessor-version":[{"id":2791,"href":"https:\/\/prawywroclaw.pl\/index.php\/wp-json\/wp\/v2\/posts\/2786\/revisions\/2791"}],"wp:featuredmedia":[{"embeddable":true,"href":"https:\/\/prawywroclaw.pl\/index.php\/wp-json\/wp\/v2\/media\/2787"}],"wp:attachment":[{"href":"https:\/\/prawywroclaw.pl\/index.php\/wp-json\/wp\/v2\/media?parent=2786"}],"wp:term":[{"taxonomy":"category","embeddable":true,"href":"https:\/\/prawywroclaw.pl\/index.php\/wp-json\/wp\/v2\/categories?post=2786"},{"taxonomy":"post_tag","embeddable":true,"href":"https:\/\/prawywroclaw.pl\/index.php\/wp-json\/wp\/v2\/tags?post=2786"},{"taxonomy":"author","embeddable":true,"href":"https:\/\/prawywroclaw.pl\/index.php\/wp-json\/wp\/v2\/coauthors?post=2786"}],"curies":[{"name":"wp","href":"https:\/\/api.w.org\/{rel}","templated":true}]}}